{"id":3544,"date":"2022-10-09T12:13:00","date_gmt":"2022-10-09T10:13:00","guid":{"rendered":"https:\/\/hotel-gaedi.ch\/2022\/10\/09\/graechen-is-the-largest-biking-area-in-valais\/"},"modified":"2022-12-23T09:56:24","modified_gmt":"2022-12-23T08:56:24","slug":"graechen-is-the-largest-biking-area-in-valais","status":"publish","type":"post","link":"https:\/\/hotel-gaedi.ch\/en\/2022\/10\/09\/graechen-is-the-largest-biking-area-in-valais\/","title":{"rendered":"Gr\u00e4chen is the largest biking area in Valais"},"content":{"rendered":"\n<div class=\"wp-block-group container section-blog-detail-content\"><div class=\"wp-block-group__inner-container is-layout-flow wp-block-group-is-layout-flow\">\n<div class=\"wp-block-columns row is-layout-flex wp-container-core-columns-is-layout-9d6595d7 wp-block-columns-is-layout-flex\">\n<div class=\"wp-block-column col-12 is-layout-flow wp-block-column-is-layout-flow\">\n<figure class=\"wp-block-image size-full\"><img loading=\"lazy\" decoding=\"async\" width=\"535\" height=\"355\" src=\"https:\/\/hotel-gaedi.ch\/wp-content\/uploads\/2022\/10\/graechen-bike-haengebruecke-europaweg-1.jpg\" alt=\"\" class=\"wp-image-1472\" srcset=\"https:\/\/hotel-gaedi.ch\/wp-content\/uploads\/2022\/10\/graechen-bike-haengebruecke-europaweg-1.jpg 535w, https:\/\/hotel-gaedi.ch\/wp-content\/uploads\/2022\/10\/graechen-bike-haengebruecke-europaweg-1-500x332.jpg 500w\" sizes=\"auto, (max-width: 535px) 100vw, 535px\" \/><\/figure>\n\n\n<h1 class=\"wp-block-heading\">Gr\u00e4chen is the largest biking area in Valais<\/h1>\n\n\n\n<p>Since 2019, the MTB region Visp &#8211; St. Niklaus &#8211; Gr\u00e4chen &#8211; Zermatt is one of the largest in Valais. And just between us &#8211; also one of the most beautiful. The mountain panorama with 14 four-thousand-meter peaks is unparalleled.<\/p>\n\n\n\n<h2 class=\"wp-block-heading\">Gr\u00e4chen, in the largest bike area in the Valais<\/h2>\n\n\n\n<p>Uphill and downhill to the delight of every biker. Gr\u00e4chen is located in the Valais at 1600 meters above sea level. We are happy to say that the sunny region of Switzerland is the Valais and so is Gr\u00e4chen. Due to its location on the high plateau between the Mattertal and Saastal valleys, the clouds often don&#8217;t make it to us and so Gr\u00e4chen is not short of sunshine in spring, summer, autumn and winter with 299 sunny days.  <\/p>\n\n\n\n<h2 class=\"wp-block-heading\">Flow trails, family loops, enduro and downhill &#8211; mountain biking diversity in every respect.<\/h2>\n\n\n\n<p>310 kilometers is the network of trails, these consist of flow trails, mountain bike trails where fluid riding is possible along the entire length. Family loops, under 10 km, some with trail sections, developed road or gravel path. Medium and difficult enduro trails, that is, trails that go both uphill and downhill. Downhill routes that you can reach with our gondola to jet full throttle downhill, and of course narrow single trails for riding one after the other or alone.<\/p>\n\n\n\n<p>Multi-day tours are just as possible as single day routes or short trips, just as you like. For tips and help with route planning, <a href=\"https:\/\/www.graechen.ch\/Sommer-Herbst-erleben\/Aktiv-im-Sommer\/Bike-Paradies\" target=\"_blank\" rel=\"noreferrer noopener\">click here<\/a>.<\/p>\n\n\n\n<p>This diversity we also put on the day as accommodation, whether you are alone biking, with friends or with the whole family active, our hotel G\u00e4di has rooms and suites in the appropriate size.<\/p>\n\n\n\n<h2 class=\"wp-block-heading\">Family vacation and active vacation in hotel<\/h2>\n\n\n\n<p>Gr\u00e4chen stands out as a family destination, and so it is not surprising that among the approximately 25 different bike tours there is also a &#8220;Gr\u00e4chen Little Family Bike Tour&#8221;, this is 4.8 km long, requires 150 meters of altitude and takes about 30 minutes.<\/p>\n\n\n\n<p>In total, there are 6 routes suitable for tots, which, in addition to the extensive children&#8217;s offer in the family resort, provide variety. You see, Gr\u00e4chen is particularly suitable for active vacations and that for young and old.<\/p>\n\n\n\n<h2 class=\"wp-block-heading\">Bike like the pros<\/h2>\n\n\n\n<p>But Gr\u00e4chen wouldn&#8217;t be considered a new bike hotspot if it didn&#8217;t also have an ultra course. In 2019, this was the &#8220;MTB Marathon WM route&#8221;, 93.7 kilometers and 4000 meters of altitude there to master. The men completed this course in about 4:30 hours, and the women completed the 70 km course in just under 4 hours. Do you accept the challenge?<\/p>\n\n\n\n<p>There are 5 stages in total, which are over 50 km long and can therefore be considered day trips. In that sense, &#8220;No mercy for the calf&#8221;.<br\/><\/p>\n\n\n\n<h2 class=\"wp-block-heading\">New flow trail route planned<\/h2>\n\n\n\n<p>In autumn 2020 a new flow trail is planned, this should be suitable for hobby bikers and professionals. The 4 km long section is then rather another stage to the existing trails. The route leads from Hannigalp to Gr\u00e4chen and is intended to convey a roller coaster feeling due to its design with outside curve elevations and waves.<\/p>\n\n\n\n<h2 class=\"wp-block-heading\">Service for bike and biker in Hotel G\u00e4di<\/h2>\n\n\n\n<p>What makes a biker region is not only the numerous trails, but also the service to bike and rider. Bike Hotel G\u00e4di offers a lockable bike room in the house. A washing place next to the house to remove all traces, as well as tools.<\/p>\n\n\n\n<p>For your personal well-being we have a lot in store. Besides a rich and varied breakfast buffet, we also offer a laundry service for your bike clothing.<\/p>\n\n\n\n<p>And the best&#8230;<\/p>\n\n\n\n<h2 class=\"wp-block-heading\">Wellness hotel in Gr\u00e4chen<\/h2>\n\n\n\n<p>Whether you want to relax after an intense day with the little ones or after an extensive bike ride, the whirlpool, sauna and vitarium will definitely help you regenerate. Our wellness area was completely renovated in 2016.<\/p>\n\n\n\n<h2 class=\"wp-block-heading\">Tips from the professional for the active vacations<\/h2>\n\n\n\n<p>You are looking for routes, need tips on routes, your bike is damaged or you want to borrow one? This is also possible with us in Gr\u00e4chen, we have a bike store only 1 bike minute away from the hotel. The owner can give you competent answers to your questions.<\/p>\n\n\n\n<p>And one more tip from us. Biking is also possible in winter. Jet over the snowy winter trails with the fatbike or make detours into the powder snow. Would that be something for you? This unique experience is also possible in our tranquil place and times a change for your ski vacations in winter.<\/p>\n\n\n\n<p>Valais stands not only for the perfect biking pleasure, but also for hospitality and vacations with heart. In this sense, who brakes later, is faster longer &#8211; or good rides!<\/p>\n\n\n\n<p>Detailed route descriptions on: <a href=\"https:\/\/www.outdooractive.com\/de\/routes\/#area=1031981&amp;bm=osm%3Asummer&amp;cat=Mountainbike&amp;filter=r-fullyTranslatedLangus-de,sb-sortedBy-0&amp;view=list&amp;wt=Gr%C3%A4chen&amp;zc=13,7.84562,46.19694\" target=\"_blank\" rel=\"noreferrer noopener\">outdooractive.com<\/a><\/p>\n<\/div>\n<\/div>\n<\/div><\/div>\n\n<div class=\"wp-block-group container custom-posttype-filtered-list\"><div class=\"wp-block-group__inner-container is-layout-flow wp-block-group-is-layout-flow\">\n<div class=\"wp-block-columns row is-layout-flex wp-container-core-columns-is-layout-9d6595d7 wp-block-columns-is-layout-flex\">\n<div class=\"wp-block-column col-12 is-layout-flow wp-block-column-is-layout-flow\">\n<h2 class=\"wp-block-heading\">View more articles<\/h2>\n<\/div>\n<\/div>\n\n\n\n<div class=\"wp-block-columns row is-layout-flex wp-container-core-columns-is-layout-9d6595d7 wp-block-columns-is-layout-flex\">\n<div class=\"wp-block-column col-12 carousel slide is-layout-flow wp-block-column-is-layout-flow\" id=\"moreBlogposts\" data-bs-interval=\"false\" data-bs-ride=\"carousel\" data-perSlideItems=\"3\">\n<div class=\"wp-block-query carousel-inner is-layout-flow wp-block-query-is-layout-flow\" role=\"listbox\"><ul class=\"wp-block-post-template is-layout-flow wp-block-post-template-is-layout-flow\"><li class=\"wp-block-post post-4063 post type-post status-publish format-standard has-post-thumbnail hentry category-gaedi-insider-info\">\n\n<div class=\"wp-block-group\"><div class=\"wp-block-group__inner-container is-layout-flow wp-block-group-is-layout-flow\"><figure class=\"wp-block-post-featured-image\"><a href=\"https:\/\/hotel-gaedi.ch\/en\/2023\/11\/29\/whoever-starts-the-day-with-a-smile-has-already-won\/\" target=\"_self\"  ><img loading=\"lazy\" decoding=\"async\" width=\"1780\" height=\"1187\" src=\"https:\/\/hotel-gaedi.ch\/wp-content\/uploads\/2023\/11\/beste-winter-hotels-2023.jpg\" class=\"attachment-post-thumbnail size-post-thumbnail wp-post-image\" alt=\"Whoever starts the day with a smile&#8230; has already won\" style=\"object-fit:cover;\" srcset=\"https:\/\/hotel-gaedi.ch\/wp-content\/uploads\/2023\/11\/beste-winter-hotels-2023.jpg 1780w, https:\/\/hotel-gaedi.ch\/wp-content\/uploads\/2023\/11\/beste-winter-hotels-2023-500x333.jpg 500w, https:\/\/hotel-gaedi.ch\/wp-content\/uploads\/2023\/11\/beste-winter-hotels-2023-1024x683.jpg 1024w, https:\/\/hotel-gaedi.ch\/wp-content\/uploads\/2023\/11\/beste-winter-hotels-2023-768x512.jpg 768w, https:\/\/hotel-gaedi.ch\/wp-content\/uploads\/2023\/11\/beste-winter-hotels-2023-1536x1024.jpg 1536w\" sizes=\"auto, (max-width: 1780px) 100vw, 1780px\" \/><\/a><\/figure>\n\n<h4 class=\"wp-block-post-title\">Whoever starts the day with a smile&#8230; has already won<\/h4>\n\n<div class=\"wp-block-post-excerpt\"><p class=\"wp-block-post-excerpt__excerpt\">The renowned hotel rating by Karl Wild has awarded us as one of the 25 best winter hotels with 3 stars in Switzerland. <\/p><\/div><\/div><\/div>\n\n<\/li><li class=\"wp-block-post post-3530 post type-post status-publish format-standard has-post-thumbnail hentry category-gaedi-insider-info\">\n\n<div class=\"wp-block-group\"><div class=\"wp-block-group__inner-container is-layout-flow wp-block-group-is-layout-flow\"><figure class=\"wp-block-post-featured-image\"><a href=\"https:\/\/hotel-gaedi.ch\/en\/2022\/12\/21\/hotel-gaedi-graechen-one-of-the-best-winter-hotels-in-switzerland\/\" target=\"_self\"  ><img loading=\"lazy\" decoding=\"async\" width=\"1780\" height=\"1187\" src=\"https:\/\/hotel-gaedi.ch\/wp-content\/uploads\/2022\/12\/beste-winter-hotels.jpg\" class=\"attachment-post-thumbnail size-post-thumbnail wp-post-image\" alt=\"Hotel G\u00e4di Gr\u00e4chen &#8211; One of the best winter hotels in Switzerland\" style=\"object-fit:cover;\" srcset=\"https:\/\/hotel-gaedi.ch\/wp-content\/uploads\/2022\/12\/beste-winter-hotels.jpg 1780w, https:\/\/hotel-gaedi.ch\/wp-content\/uploads\/2022\/12\/beste-winter-hotels-500x333.jpg 500w, https:\/\/hotel-gaedi.ch\/wp-content\/uploads\/2022\/12\/beste-winter-hotels-1024x683.jpg 1024w, https:\/\/hotel-gaedi.ch\/wp-content\/uploads\/2022\/12\/beste-winter-hotels-768x512.jpg 768w, https:\/\/hotel-gaedi.ch\/wp-content\/uploads\/2022\/12\/beste-winter-hotels-1536x1024.jpg 1536w\" sizes=\"auto, (max-width: 1780px) 100vw, 1780px\" \/><\/a><\/figure>\n\n<h4 class=\"wp-block-post-title\">Hotel G\u00e4di Gr\u00e4chen &#8211; One of the best winter hotels in Switzerland<\/h4>\n\n<div class=\"wp-block-post-excerpt\"><p class=\"wp-block-post-excerpt__excerpt\">The renowned hotel rating by Karl Wild has awarded us as one of the 25 best winter hotels with 3 stars in Switzerland. <\/p><\/div><\/div><\/div>\n\n<\/li><li class=\"wp-block-post post-3536 post type-post status-publish format-standard has-post-thumbnail hentry category-gaedi-insider-info\">\n\n<div class=\"wp-block-group\"><div class=\"wp-block-group__inner-container is-layout-flow wp-block-group-is-layout-flow\"><figure class=\"wp-block-post-featured-image\"><a href=\"https:\/\/hotel-gaedi.ch\/en\/2022\/12\/16\/gaedi-goes-to-best-3-star-hotels-of-switzerland\/\" target=\"_self\"  ><img loading=\"lazy\" decoding=\"async\" width=\"1780\" height=\"1187\" src=\"https:\/\/hotel-gaedi.ch\/wp-content\/uploads\/2022\/12\/hotel-gaedi-best-3-star.jpg\" class=\"attachment-post-thumbnail size-post-thumbnail wp-post-image\" alt=\"G\u00e4di goes to Best 3 Star Hotels of Switzerland\" style=\"object-fit:cover;\" srcset=\"https:\/\/hotel-gaedi.ch\/wp-content\/uploads\/2022\/12\/hotel-gaedi-best-3-star.jpg 1780w, https:\/\/hotel-gaedi.ch\/wp-content\/uploads\/2022\/12\/hotel-gaedi-best-3-star-500x333.jpg 500w, https:\/\/hotel-gaedi.ch\/wp-content\/uploads\/2022\/12\/hotel-gaedi-best-3-star-1024x683.jpg 1024w, https:\/\/hotel-gaedi.ch\/wp-content\/uploads\/2022\/12\/hotel-gaedi-best-3-star-768x512.jpg 768w, https:\/\/hotel-gaedi.ch\/wp-content\/uploads\/2022\/12\/hotel-gaedi-best-3-star-1536x1024.jpg 1536w\" sizes=\"auto, (max-width: 1780px) 100vw, 1780px\" \/><\/a><\/figure>\n\n<h4 class=\"wp-block-post-title\">G\u00e4di goes to Best 3 Star Hotels of Switzerland<\/h4>\n\n<div class=\"wp-block-post-excerpt\"><p class=\"wp-block-post-excerpt__excerpt\">We are there &#8211; at the Best3Star Hotels of Switzerland. We are infinitely proud of our team and thank you from the bottom of our hearts &#8211; simply for everything! <\/p><\/div><\/div><\/div>\n\n<\/li><li class=\"wp-block-post post-3544 post type-post status-publish format-standard has-post-thumbnail hentry category-tips-activities category-unkategorisiert\">\n\n<div class=\"wp-block-group\"><div class=\"wp-block-group__inner-container is-layout-flow wp-block-group-is-layout-flow\"><figure class=\"wp-block-post-featured-image\"><a href=\"https:\/\/hotel-gaedi.ch\/en\/2022\/10\/09\/graechen-is-the-largest-biking-area-in-valais\/\" target=\"_self\"  ><img loading=\"lazy\" decoding=\"async\" width=\"535\" height=\"355\" src=\"https:\/\/hotel-gaedi.ch\/wp-content\/uploads\/2022\/10\/graechen-bike-haengebruecke-europaweg.jpg\" class=\"attachment-post-thumbnail size-post-thumbnail wp-post-image\" alt=\"Gr\u00e4chen is the largest biking area in Valais\" style=\"object-fit:cover;\" srcset=\"https:\/\/hotel-gaedi.ch\/wp-content\/uploads\/2022\/10\/graechen-bike-haengebruecke-europaweg.jpg 535w, https:\/\/hotel-gaedi.ch\/wp-content\/uploads\/2022\/10\/graechen-bike-haengebruecke-europaweg-500x332.jpg 500w\" sizes=\"auto, (max-width: 535px) 100vw, 535px\" \/><\/a><\/figure>\n\n<h4 class=\"wp-block-post-title\">Gr\u00e4chen is the largest biking area in Valais<\/h4>\n\n<div class=\"wp-block-post-excerpt\"><p class=\"wp-block-post-excerpt__excerpt\">Our mountain bike tours extend from 660 m a.s.l. M. to 2450 m a.s.l. M. Sun-drenched and varied. <\/p><\/div><\/div><\/div>\n\n<\/li><li class=\"wp-block-post post-3552 post type-post status-publish format-standard has-post-thumbnail hentry category-gaedi-insider-info category-unkategorisiert\">\n\n<div class=\"wp-block-group\"><div class=\"wp-block-group__inner-container is-layout-flow wp-block-group-is-layout-flow\"><figure class=\"wp-block-post-featured-image\"><a href=\"https:\/\/hotel-gaedi.ch\/en\/2022\/10\/09\/cooking-is-a-matter-for-the-boss\/\" target=\"_self\"  ><img loading=\"lazy\" decoding=\"async\" width=\"535\" height=\"357\" src=\"https:\/\/hotel-gaedi.ch\/wp-content\/uploads\/2022\/09\/martin-brigger-koch-hotel-gaedi-graechen-gross.jpg\" class=\"attachment-post-thumbnail size-post-thumbnail wp-post-image\" alt=\"Cooking is a matter for the boss\" style=\"object-fit:cover;\" srcset=\"https:\/\/hotel-gaedi.ch\/wp-content\/uploads\/2022\/09\/martin-brigger-koch-hotel-gaedi-graechen-gross.jpg 535w, https:\/\/hotel-gaedi.ch\/wp-content\/uploads\/2022\/09\/martin-brigger-koch-hotel-gaedi-graechen-gross-500x334.jpg 500w\" sizes=\"auto, (max-width: 535px) 100vw, 535px\" \/><\/a><\/figure>\n\n<h4 class=\"wp-block-post-title\">Cooking is a matter for the boss<\/h4>\n\n<div class=\"wp-block-post-excerpt\"><p class=\"wp-block-post-excerpt__excerpt\">Crisp, fresh and cooked with love. <\/p><\/div><\/div><\/div>\n\n<\/li><li class=\"wp-block-post post-3560 post type-post status-publish format-standard has-post-thumbnail hentry category-gaedi-insider-info category-unkategorisiert\">\n\n<div class=\"wp-block-group\"><div class=\"wp-block-group__inner-container is-layout-flow wp-block-group-is-layout-flow\"><figure class=\"wp-block-post-featured-image\"><a href=\"https:\/\/hotel-gaedi.ch\/en\/2022\/10\/09\/most-popular-alpine-hotel\/\" target=\"_self\"  ><img loading=\"lazy\" decoding=\"async\" width=\"535\" height=\"355\" src=\"https:\/\/hotel-gaedi.ch\/wp-content\/uploads\/2022\/10\/winter-award-2018-gross.jpg\" class=\"attachment-post-thumbnail size-post-thumbnail wp-post-image\" alt=\"Most popular alpine hotel\" style=\"object-fit:cover;\" srcset=\"https:\/\/hotel-gaedi.ch\/wp-content\/uploads\/2022\/10\/winter-award-2018-gross.jpg 535w, https:\/\/hotel-gaedi.ch\/wp-content\/uploads\/2022\/10\/winter-award-2018-gross-500x332.jpg 500w\" sizes=\"auto, (max-width: 535px) 100vw, 535px\" \/><\/a><\/figure>\n\n<h4 class=\"wp-block-post-title\">Most popular alpine hotel<\/h4>\n\n<div class=\"wp-block-post-excerpt\"><p class=\"wp-block-post-excerpt__excerpt\">On April 26, 2018, the 23rd Winter Awards ceremony took place at Achensee in Tyrol. <\/p><\/div><\/div><\/div>\n\n<\/li><li class=\"wp-block-post post-3576 post type-post status-publish format-standard has-post-thumbnail hentry category-tips-activities category-unkategorisiert\">\n\n<div class=\"wp-block-group\"><div class=\"wp-block-group__inner-container is-layout-flow wp-block-group-is-layout-flow\"><figure class=\"wp-block-post-featured-image\"><a href=\"https:\/\/hotel-gaedi.ch\/en\/2022\/10\/09\/biketrails\/\" target=\"_self\"  ><img loading=\"lazy\" decoding=\"async\" width=\"535\" height=\"357\" src=\"https:\/\/hotel-gaedi.ch\/wp-content\/uploads\/2022\/10\/biketrails-graechen.jpg\" class=\"attachment-post-thumbnail size-post-thumbnail wp-post-image\" alt=\"Biketrails\" style=\"object-fit:cover;\" srcset=\"https:\/\/hotel-gaedi.ch\/wp-content\/uploads\/2022\/10\/biketrails-graechen.jpg 535w, https:\/\/hotel-gaedi.ch\/wp-content\/uploads\/2022\/10\/biketrails-graechen-500x334.jpg 500w\" sizes=\"auto, (max-width: 535px) 100vw, 535px\" \/><\/a><\/figure>\n\n<h4 class=\"wp-block-post-title\">Biketrails<\/h4>\n\n<div class=\"wp-block-post-excerpt\"><p class=\"wp-block-post-excerpt__excerpt\">To all passionate bikers and those who want to be! <\/p><\/div><\/div><\/div>\n\n<\/li><li class=\"wp-block-post post-3584 post type-post status-publish format-standard has-post-thumbnail hentry category-tips-activities category-unkategorisiert\">\n\n<div class=\"wp-block-group\"><div class=\"wp-block-group__inner-container is-layout-flow wp-block-group-is-layout-flow\"><figure class=\"wp-block-post-featured-image\"><a href=\"https:\/\/hotel-gaedi.ch\/en\/2022\/10\/09\/winter-hikes\/\" target=\"_self\"  ><img loading=\"lazy\" decoding=\"async\" width=\"535\" height=\"357\" src=\"https:\/\/hotel-gaedi.ch\/wp-content\/uploads\/2022\/10\/winterwanderweg-graechen-gross.jpg\" class=\"attachment-post-thumbnail size-post-thumbnail wp-post-image\" alt=\"Winter hikes\" style=\"object-fit:cover;\" srcset=\"https:\/\/hotel-gaedi.ch\/wp-content\/uploads\/2022\/10\/winterwanderweg-graechen-gross.jpg 535w, https:\/\/hotel-gaedi.ch\/wp-content\/uploads\/2022\/10\/winterwanderweg-graechen-gross-500x334.jpg 500w\" sizes=\"auto, (max-width: 535px) 100vw, 535px\" \/><\/a><\/figure>\n\n<h4 class=\"wp-block-post-title\">Winter hikes<\/h4>\n\n<div class=\"wp-block-post-excerpt\"><p class=\"wp-block-post-excerpt__excerpt\">Gr\u00e4chen offers varied and beautiful winter hikes. <\/p><\/div><\/div><\/div>\n\n<\/li><li class=\"wp-block-post post-3592 post type-post status-publish format-standard has-post-thumbnail hentry category-gaedi-insider-info category-unkategorisiert\">\n\n<div class=\"wp-block-group\"><div class=\"wp-block-group__inner-container is-layout-flow wp-block-group-is-layout-flow\"><figure class=\"wp-block-post-featured-image\"><a href=\"https:\/\/hotel-gaedi.ch\/en\/2022\/10\/09\/hueaera-gueaet-1st-place\/\" target=\"_self\"  ><img loading=\"lazy\" decoding=\"async\" width=\"535\" height=\"355\" src=\"https:\/\/hotel-gaedi.ch\/wp-content\/uploads\/2022\/10\/prix-bienvenu-2017-hotel-gaedi-graechen-gross.jpg\" class=\"attachment-post-thumbnail size-post-thumbnail wp-post-image\" alt=\"H\u00fc\u00e4ra g\u00fc\u00e4t! 1st place\" style=\"object-fit:cover;\" srcset=\"https:\/\/hotel-gaedi.ch\/wp-content\/uploads\/2022\/10\/prix-bienvenu-2017-hotel-gaedi-graechen-gross.jpg 535w, https:\/\/hotel-gaedi.ch\/wp-content\/uploads\/2022\/10\/prix-bienvenu-2017-hotel-gaedi-graechen-gross-500x332.jpg 500w\" sizes=\"auto, (max-width: 535px) 100vw, 535px\" \/><\/a><\/figure>\n\n<h4 class=\"wp-block-post-title\">H\u00fc\u00e4ra g\u00fc\u00e4t! 1st place<\/h4>\n\n<div class=\"wp-block-post-excerpt\"><p class=\"wp-block-post-excerpt__excerpt\">Review 2017: When Switzerland Tourism called and told us that we were nominated in the category &#8220;small and fine&#8221; of the friendliest hotels in Switzerland 2017, we were beside ourselves! <\/p><\/div><\/div><\/div>\n\n<\/li><li class=\"wp-block-post post-3600 post type-post status-publish format-standard has-post-thumbnail hentry category-tips-activities category-unkategorisiert\">\n\n<div class=\"wp-block-group\"><div class=\"wp-block-group__inner-container is-layout-flow wp-block-group-is-layout-flow\"><figure class=\"wp-block-post-featured-image\"><a href=\"https:\/\/hotel-gaedi.ch\/en\/2022\/10\/09\/new-suspension-bridge-on-the-europaweg\/\" target=\"_self\"  ><img loading=\"lazy\" decoding=\"async\" width=\"535\" height=\"357\" src=\"https:\/\/hotel-gaedi.ch\/wp-content\/uploads\/2022\/10\/europabruecke-graechen-zermatt-randa.jpg\" class=\"attachment-post-thumbnail size-post-thumbnail wp-post-image\" alt=\"New suspension bridge on the Europaweg\" style=\"object-fit:cover;\" srcset=\"https:\/\/hotel-gaedi.ch\/wp-content\/uploads\/2022\/10\/europabruecke-graechen-zermatt-randa.jpg 535w, https:\/\/hotel-gaedi.ch\/wp-content\/uploads\/2022\/10\/europabruecke-graechen-zermatt-randa-500x334.jpg 500w\" sizes=\"auto, (max-width: 535px) 100vw, 535px\" \/><\/a><\/figure>\n\n<h4 class=\"wp-block-post-title\">New suspension bridge on the Europaweg<\/h4>\n\n<div class=\"wp-block-post-excerpt\"><p class=\"wp-block-post-excerpt__excerpt\">Breathtaking &#8211; Exciting &#8211; Imposing <\/p><\/div><\/div><\/div>\n\n<\/li><li class=\"wp-block-post post-3608 post type-post status-publish format-standard has-post-thumbnail hentry category-tips-activities category-unkategorisiert\">\n\n<div class=\"wp-block-group\"><div class=\"wp-block-group__inner-container is-layout-flow wp-block-group-is-layout-flow\"><figure class=\"wp-block-post-featured-image\"><a href=\"https:\/\/hotel-gaedi.ch\/en\/2022\/10\/09\/suonen-water-pipes\/\" target=\"_self\"  ><img loading=\"lazy\" decoding=\"async\" width=\"535\" height=\"357\" src=\"https:\/\/hotel-gaedi.ch\/wp-content\/uploads\/2022\/10\/suonen-wasserleiten-graechen-gross.jpg\" class=\"attachment-post-thumbnail size-post-thumbnail wp-post-image\" alt=\"Suonen \/ water pipes\" style=\"object-fit:cover;\" srcset=\"https:\/\/hotel-gaedi.ch\/wp-content\/uploads\/2022\/10\/suonen-wasserleiten-graechen-gross.jpg 535w, https:\/\/hotel-gaedi.ch\/wp-content\/uploads\/2022\/10\/suonen-wasserleiten-graechen-gross-500x334.jpg 500w\" sizes=\"auto, (max-width: 535px) 100vw, 535px\" \/><\/a><\/figure>\n\n<h4 class=\"wp-block-post-title\">Suonen \/ water pipes<\/h4>\n\n<div class=\"wp-block-post-excerpt\"><p class=\"wp-block-post-excerpt__excerpt\">A piece of mountain history to experience! <\/p><\/div><\/div><\/div>\n\n<\/li><li class=\"wp-block-post post-3616 post type-post status-publish format-standard has-post-thumbnail hentry category-tips-activities category-unkategorisiert\">\n\n<div class=\"wp-block-group\"><div class=\"wp-block-group__inner-container is-layout-flow wp-block-group-is-layout-flow\"><figure class=\"wp-block-post-featured-image\"><a href=\"https:\/\/hotel-gaedi.ch\/en\/2022\/10\/09\/guided-village-tour-in-graechen\/\" target=\"_self\"  ><img loading=\"lazy\" decoding=\"async\" width=\"535\" height=\"357\" src=\"https:\/\/hotel-gaedi.ch\/wp-content\/uploads\/2022\/10\/die-geschichte-der-hotel-dorfrundgang-graechen.jpg\" class=\"attachment-post-thumbnail size-post-thumbnail wp-post-image\" alt=\"Guided village tour in Gr\u00e4chen\" style=\"object-fit:cover;\" srcset=\"https:\/\/hotel-gaedi.ch\/wp-content\/uploads\/2022\/10\/die-geschichte-der-hotel-dorfrundgang-graechen.jpg 535w, https:\/\/hotel-gaedi.ch\/wp-content\/uploads\/2022\/10\/die-geschichte-der-hotel-dorfrundgang-graechen-500x334.jpg 500w\" sizes=\"auto, (max-width: 535px) 100vw, 535px\" \/><\/a><\/figure>\n\n<h4 class=\"wp-block-post-title\">Guided village tour in Gr\u00e4chen<\/h4>\n\n<div class=\"wp-block-post-excerpt\"><p class=\"wp-block-post-excerpt__excerpt\">Learn more about the popular vacation destination Gr\u00e4chen on the guided walk. <\/p><\/div><\/div><\/div>\n\n<\/li><li class=\"wp-block-post post-3624 post type-post status-publish format-standard has-post-thumbnail hentry category-gaedi-insider-info category-unkategorisiert\">\n\n<div class=\"wp-block-group\"><div class=\"wp-block-group__inner-container is-layout-flow wp-block-group-is-layout-flow\"><figure class=\"wp-block-post-featured-image\"><a href=\"https:\/\/hotel-gaedi.ch\/en\/2022\/10\/09\/we-are-very-happy\/\" target=\"_self\"  ><img loading=\"lazy\" decoding=\"async\" width=\"190\" height=\"127\" src=\"https:\/\/hotel-gaedi.ch\/wp-content\/uploads\/2022\/10\/holiday-check.jpg\" class=\"attachment-post-thumbnail size-post-thumbnail wp-post-image\" alt=\"We are very happy!\" style=\"object-fit:cover;\" \/><\/a><\/figure>\n\n<h4 class=\"wp-block-post-title\">We are very happy!<\/h4>\n\n<div class=\"wp-block-post-excerpt\"><p class=\"wp-block-post-excerpt__excerpt\">Our house is one of the very well rated hotels on HolidayCheck. <\/p><\/div><\/div><\/div>\n\n<\/li><li class=\"wp-block-post post-3632 post type-post status-publish format-standard has-post-thumbnail hentry category-tips-activities category-unkategorisiert\">\n\n<div class=\"wp-block-group\"><div class=\"wp-block-group__inner-container is-layout-flow wp-block-group-is-layout-flow\"><figure class=\"wp-block-post-featured-image\"><a href=\"https:\/\/hotel-gaedi.ch\/en\/2022\/10\/09\/not-in-the-mood-for-skiing\/\" target=\"_self\"  ><img loading=\"lazy\" decoding=\"async\" width=\"535\" height=\"357\" src=\"https:\/\/hotel-gaedi.ch\/wp-content\/uploads\/2022\/10\/natureisbahn-graechen-hotel-gaedi-gross.jpg\" class=\"attachment-post-thumbnail size-post-thumbnail wp-post-image\" alt=\"Not in the mood for skiing?\" style=\"object-fit:cover;\" srcset=\"https:\/\/hotel-gaedi.ch\/wp-content\/uploads\/2022\/10\/natureisbahn-graechen-hotel-gaedi-gross.jpg 535w, https:\/\/hotel-gaedi.ch\/wp-content\/uploads\/2022\/10\/natureisbahn-graechen-hotel-gaedi-gross-500x334.jpg 500w\" sizes=\"auto, (max-width: 535px) 100vw, 535px\" \/><\/a><\/figure>\n\n<h4 class=\"wp-block-post-title\">Not in the mood for skiing?<\/h4>\n\n<div class=\"wp-block-post-excerpt\"><p class=\"wp-block-post-excerpt__excerpt\">Then maybe the natural ice rink in Gr\u00e4chen is something for you! <\/p><\/div><\/div><\/div>\n\n<\/li><li class=\"wp-block-post post-3640 post type-post status-publish format-standard has-post-thumbnail hentry category-gaedi-insider-info category-unkategorisiert\">\n\n<div class=\"wp-block-group\"><div class=\"wp-block-group__inner-container is-layout-flow wp-block-group-is-layout-flow\"><figure class=\"wp-block-post-featured-image\"><a href=\"https:\/\/hotel-gaedi.ch\/en\/2022\/10\/09\/prix-bienvenu-from-switzerland-tourism\/\" target=\"_self\"  ><img loading=\"lazy\" decoding=\"async\" width=\"535\" height=\"355\" src=\"https:\/\/hotel-gaedi.ch\/wp-content\/uploads\/2022\/10\/top-100-hotels.jpg\" class=\"attachment-post-thumbnail size-post-thumbnail wp-post-image\" alt=\"Prix Bienvenu from Switzerland Tourism\" style=\"object-fit:cover;\" srcset=\"https:\/\/hotel-gaedi.ch\/wp-content\/uploads\/2022\/10\/top-100-hotels.jpg 535w, https:\/\/hotel-gaedi.ch\/wp-content\/uploads\/2022\/10\/top-100-hotels-500x332.jpg 500w\" sizes=\"auto, (max-width: 535px) 100vw, 535px\" \/><\/a><\/figure>\n\n<h4 class=\"wp-block-post-title\">Prix Bienvenu from Switzerland Tourism<\/h4>\n\n<div class=\"wp-block-post-excerpt\"><p class=\"wp-block-post-excerpt__excerpt\">Hotel G\u00e4di Gr\u00e4chen has been among the 100 friendliest hotels in Switzerland several times! <\/p><\/div><\/div><\/div>\n\n<\/li><\/ul>\n\n<\/div>\n<\/div>\n<\/div>\n<\/div><\/div>\n","protected":false},"excerpt":{"rendered":"<p>Our mountain bike tours extend from 660 m a.s.l. M. to 2450 m a.s.l. M. Sun-drenched and varied.<\/p>\n","protected":false},"author":2,"featured_media":2943,"comment_status":"closed","ping_status":"closed","sticky":false,"template":"","format":"standard","meta":{"_acf_changed":false,"inline_featured_image":false,"footnotes":""},"categories":[35,10],"tags":[],"class_list":["post-3544","post","type-post","status-publish","format-standard","has-post-thumbnail","hentry","category-tips-activities","category-unkategorisiert"],"acf":[],"yoast_head":"<!-- This site is optimized with the Yoast SEO plugin v27.5 - https:\/\/yoast.com\/product\/yoast-seo-wordpress\/ -->\n<title>Gr\u00e4chen is the largest biking area in Valais - Hotel G\u00e4di<\/title>\n<meta name=\"robots\" content=\"index, follow, max-snippet:-1, max-image-preview:large, max-video-preview:-1\" \/>\n<link rel=\"canonical\" href=\"https:\/\/hotel-gaedi.ch\/en\/2022\/10\/09\/graechen-is-the-largest-biking-area-in-valais\/\" \/>\n<meta property=\"og:locale\" content=\"en_US\" \/>\n<meta property=\"og:type\" content=\"article\" \/>\n<meta property=\"og:title\" content=\"Gr\u00e4chen is the largest biking area in Valais - Hotel G\u00e4di\" \/>\n<meta property=\"og:description\" content=\"Our mountain bike tours extend from 660 m a.s.l. M. to 2450 m a.s.l. M. Sun-drenched and varied.\" \/>\n<meta property=\"og:url\" content=\"https:\/\/hotel-gaedi.ch\/en\/2022\/10\/09\/graechen-is-the-largest-biking-area-in-valais\/\" \/>\n<meta property=\"og:site_name\" content=\"Hotel G\u00e4di\" \/>\n<meta property=\"article:published_time\" content=\"2022-10-09T10:13:00+00:00\" \/>\n<meta property=\"article:modified_time\" content=\"2022-12-23T08:56:24+00:00\" \/>\n<meta property=\"og:image\" content=\"https:\/\/hotel-gaedi.ch\/wp-content\/uploads\/2022\/10\/graechen-bike-haengebruecke-europaweg.jpg\" \/>\n\t<meta property=\"og:image:width\" content=\"535\" \/>\n\t<meta property=\"og:image:height\" content=\"355\" \/>\n\t<meta property=\"og:image:type\" content=\"image\/jpeg\" \/>\n<meta name=\"author\" content=\"melissa\" \/>\n<meta name=\"twitter:card\" content=\"summary_large_image\" \/>\n<meta name=\"twitter:label1\" content=\"Written by\" \/>\n\t<meta name=\"twitter:data1\" content=\"melissa\" \/>\n\t<meta name=\"twitter:label2\" content=\"Est. reading time\" \/>\n\t<meta name=\"twitter:data2\" content=\"4 minutes\" \/>\n<script type=\"application\/ld+json\" class=\"yoast-schema-graph\">{\"@context\":\"https:\\\/\\\/schema.org\",\"@graph\":[{\"@type\":\"Article\",\"@id\":\"https:\\\/\\\/hotel-gaedi.ch\\\/en\\\/2022\\\/10\\\/09\\\/graechen-is-the-largest-biking-area-in-valais\\\/#article\",\"isPartOf\":{\"@id\":\"https:\\\/\\\/hotel-gaedi.ch\\\/en\\\/2022\\\/10\\\/09\\\/graechen-is-the-largest-biking-area-in-valais\\\/\"},\"author\":{\"name\":\"melissa\",\"@id\":\"https:\\\/\\\/hotel-gaedi.ch\\\/#\\\/schema\\\/person\\\/edeb924d0e60b4c5e256b8a2dc2dbe7b\"},\"headline\":\"Gr\u00e4chen is the largest biking area in Valais\",\"datePublished\":\"2022-10-09T10:13:00+00:00\",\"dateModified\":\"2022-12-23T08:56:24+00:00\",\"mainEntityOfPage\":{\"@id\":\"https:\\\/\\\/hotel-gaedi.ch\\\/en\\\/2022\\\/10\\\/09\\\/graechen-is-the-largest-biking-area-in-valais\\\/\"},\"wordCount\":821,\"image\":{\"@id\":\"https:\\\/\\\/hotel-gaedi.ch\\\/en\\\/2022\\\/10\\\/09\\\/graechen-is-the-largest-biking-area-in-valais\\\/#primaryimage\"},\"thumbnailUrl\":\"https:\\\/\\\/hotel-gaedi.ch\\\/wp-content\\\/uploads\\\/2022\\\/10\\\/graechen-bike-haengebruecke-europaweg.jpg\",\"articleSection\":[\"Tips &amp; Activities\",\"Unkategorisiert\"],\"inLanguage\":\"en-US\"},{\"@type\":\"WebPage\",\"@id\":\"https:\\\/\\\/hotel-gaedi.ch\\\/en\\\/2022\\\/10\\\/09\\\/graechen-is-the-largest-biking-area-in-valais\\\/\",\"url\":\"https:\\\/\\\/hotel-gaedi.ch\\\/en\\\/2022\\\/10\\\/09\\\/graechen-is-the-largest-biking-area-in-valais\\\/\",\"name\":\"Gr\u00e4chen is the largest biking area in Valais - Hotel G\u00e4di\",\"isPartOf\":{\"@id\":\"https:\\\/\\\/hotel-gaedi.ch\\\/#website\"},\"primaryImageOfPage\":{\"@id\":\"https:\\\/\\\/hotel-gaedi.ch\\\/en\\\/2022\\\/10\\\/09\\\/graechen-is-the-largest-biking-area-in-valais\\\/#primaryimage\"},\"image\":{\"@id\":\"https:\\\/\\\/hotel-gaedi.ch\\\/en\\\/2022\\\/10\\\/09\\\/graechen-is-the-largest-biking-area-in-valais\\\/#primaryimage\"},\"thumbnailUrl\":\"https:\\\/\\\/hotel-gaedi.ch\\\/wp-content\\\/uploads\\\/2022\\\/10\\\/graechen-bike-haengebruecke-europaweg.jpg\",\"datePublished\":\"2022-10-09T10:13:00+00:00\",\"dateModified\":\"2022-12-23T08:56:24+00:00\",\"author\":{\"@id\":\"https:\\\/\\\/hotel-gaedi.ch\\\/#\\\/schema\\\/person\\\/edeb924d0e60b4c5e256b8a2dc2dbe7b\"},\"breadcrumb\":{\"@id\":\"https:\\\/\\\/hotel-gaedi.ch\\\/en\\\/2022\\\/10\\\/09\\\/graechen-is-the-largest-biking-area-in-valais\\\/#breadcrumb\"},\"inLanguage\":\"en-US\",\"potentialAction\":[{\"@type\":\"ReadAction\",\"target\":[\"https:\\\/\\\/hotel-gaedi.ch\\\/en\\\/2022\\\/10\\\/09\\\/graechen-is-the-largest-biking-area-in-valais\\\/\"]}]},{\"@type\":\"ImageObject\",\"inLanguage\":\"en-US\",\"@id\":\"https:\\\/\\\/hotel-gaedi.ch\\\/en\\\/2022\\\/10\\\/09\\\/graechen-is-the-largest-biking-area-in-valais\\\/#primaryimage\",\"url\":\"https:\\\/\\\/hotel-gaedi.ch\\\/wp-content\\\/uploads\\\/2022\\\/10\\\/graechen-bike-haengebruecke-europaweg.jpg\",\"contentUrl\":\"https:\\\/\\\/hotel-gaedi.ch\\\/wp-content\\\/uploads\\\/2022\\\/10\\\/graechen-bike-haengebruecke-europaweg.jpg\",\"width\":535,\"height\":355},{\"@type\":\"BreadcrumbList\",\"@id\":\"https:\\\/\\\/hotel-gaedi.ch\\\/en\\\/2022\\\/10\\\/09\\\/graechen-is-the-largest-biking-area-in-valais\\\/#breadcrumb\",\"itemListElement\":[{\"@type\":\"ListItem\",\"position\":1,\"name\":\"Home\",\"item\":\"https:\\\/\\\/hotel-gaedi.ch\\\/en\\\/\"},{\"@type\":\"ListItem\",\"position\":2,\"name\":\"Gr\u00e4chen is the largest biking area in Valais\"}]},{\"@type\":\"WebSite\",\"@id\":\"https:\\\/\\\/hotel-gaedi.ch\\\/#website\",\"url\":\"https:\\\/\\\/hotel-gaedi.ch\\\/\",\"name\":\"Hotel G\u00e4di\",\"description\":\"Ferien im Hotel G\u00e4di - Gr\u00e4chen\",\"potentialAction\":[{\"@type\":\"SearchAction\",\"target\":{\"@type\":\"EntryPoint\",\"urlTemplate\":\"https:\\\/\\\/hotel-gaedi.ch\\\/?s={search_term_string}\"},\"query-input\":{\"@type\":\"PropertyValueSpecification\",\"valueRequired\":true,\"valueName\":\"search_term_string\"}}],\"inLanguage\":\"en-US\"},{\"@type\":\"Person\",\"@id\":\"https:\\\/\\\/hotel-gaedi.ch\\\/#\\\/schema\\\/person\\\/edeb924d0e60b4c5e256b8a2dc2dbe7b\",\"name\":\"melissa\",\"image\":{\"@type\":\"ImageObject\",\"inLanguage\":\"en-US\",\"@id\":\"https:\\\/\\\/secure.gravatar.com\\\/avatar\\\/58502860a530fdb95ba429b5b42471f62f36d48b7154db0ae712c813d10403e0?s=96&d=mm&r=g\",\"url\":\"https:\\\/\\\/secure.gravatar.com\\\/avatar\\\/58502860a530fdb95ba429b5b42471f62f36d48b7154db0ae712c813d10403e0?s=96&d=mm&r=g\",\"contentUrl\":\"https:\\\/\\\/secure.gravatar.com\\\/avatar\\\/58502860a530fdb95ba429b5b42471f62f36d48b7154db0ae712c813d10403e0?s=96&d=mm&r=g\",\"caption\":\"melissa\"}}]}<\/script>\n<!-- \/ Yoast SEO plugin. -->","yoast_head_json":{"title":"Gr\u00e4chen is the largest biking area in Valais - Hotel G\u00e4di","robots":{"index":"index","follow":"follow","max-snippet":"max-snippet:-1","max-image-preview":"max-image-preview:large","max-video-preview":"max-video-preview:-1"},"canonical":"https:\/\/hotel-gaedi.ch\/en\/2022\/10\/09\/graechen-is-the-largest-biking-area-in-valais\/","og_locale":"en_US","og_type":"article","og_title":"Gr\u00e4chen is the largest biking area in Valais - Hotel G\u00e4di","og_description":"Our mountain bike tours extend from 660 m a.s.l. M. to 2450 m a.s.l. M. Sun-drenched and varied.","og_url":"https:\/\/hotel-gaedi.ch\/en\/2022\/10\/09\/graechen-is-the-largest-biking-area-in-valais\/","og_site_name":"Hotel G\u00e4di","article_published_time":"2022-10-09T10:13:00+00:00","article_modified_time":"2022-12-23T08:56:24+00:00","og_image":[{"width":535,"height":355,"url":"https:\/\/hotel-gaedi.ch\/wp-content\/uploads\/2022\/10\/graechen-bike-haengebruecke-europaweg.jpg","type":"image\/jpeg"}],"author":"melissa","twitter_card":"summary_large_image","twitter_misc":{"Written by":"melissa","Est. reading time":"4 minutes"},"schema":{"@context":"https:\/\/schema.org","@graph":[{"@type":"Article","@id":"https:\/\/hotel-gaedi.ch\/en\/2022\/10\/09\/graechen-is-the-largest-biking-area-in-valais\/#article","isPartOf":{"@id":"https:\/\/hotel-gaedi.ch\/en\/2022\/10\/09\/graechen-is-the-largest-biking-area-in-valais\/"},"author":{"name":"melissa","@id":"https:\/\/hotel-gaedi.ch\/#\/schema\/person\/edeb924d0e60b4c5e256b8a2dc2dbe7b"},"headline":"Gr\u00e4chen is the largest biking area in Valais","datePublished":"2022-10-09T10:13:00+00:00","dateModified":"2022-12-23T08:56:24+00:00","mainEntityOfPage":{"@id":"https:\/\/hotel-gaedi.ch\/en\/2022\/10\/09\/graechen-is-the-largest-biking-area-in-valais\/"},"wordCount":821,"image":{"@id":"https:\/\/hotel-gaedi.ch\/en\/2022\/10\/09\/graechen-is-the-largest-biking-area-in-valais\/#primaryimage"},"thumbnailUrl":"https:\/\/hotel-gaedi.ch\/wp-content\/uploads\/2022\/10\/graechen-bike-haengebruecke-europaweg.jpg","articleSection":["Tips &amp; Activities","Unkategorisiert"],"inLanguage":"en-US"},{"@type":"WebPage","@id":"https:\/\/hotel-gaedi.ch\/en\/2022\/10\/09\/graechen-is-the-largest-biking-area-in-valais\/","url":"https:\/\/hotel-gaedi.ch\/en\/2022\/10\/09\/graechen-is-the-largest-biking-area-in-valais\/","name":"Gr\u00e4chen is the largest biking area in Valais - Hotel G\u00e4di","isPartOf":{"@id":"https:\/\/hotel-gaedi.ch\/#website"},"primaryImageOfPage":{"@id":"https:\/\/hotel-gaedi.ch\/en\/2022\/10\/09\/graechen-is-the-largest-biking-area-in-valais\/#primaryimage"},"image":{"@id":"https:\/\/hotel-gaedi.ch\/en\/2022\/10\/09\/graechen-is-the-largest-biking-area-in-valais\/#primaryimage"},"thumbnailUrl":"https:\/\/hotel-gaedi.ch\/wp-content\/uploads\/2022\/10\/graechen-bike-haengebruecke-europaweg.jpg","datePublished":"2022-10-09T10:13:00+00:00","dateModified":"2022-12-23T08:56:24+00:00","author":{"@id":"https:\/\/hotel-gaedi.ch\/#\/schema\/person\/edeb924d0e60b4c5e256b8a2dc2dbe7b"},"breadcrumb":{"@id":"https:\/\/hotel-gaedi.ch\/en\/2022\/10\/09\/graechen-is-the-largest-biking-area-in-valais\/#breadcrumb"},"inLanguage":"en-US","potentialAction":[{"@type":"ReadAction","target":["https:\/\/hotel-gaedi.ch\/en\/2022\/10\/09\/graechen-is-the-largest-biking-area-in-valais\/"]}]},{"@type":"ImageObject","inLanguage":"en-US","@id":"https:\/\/hotel-gaedi.ch\/en\/2022\/10\/09\/graechen-is-the-largest-biking-area-in-valais\/#primaryimage","url":"https:\/\/hotel-gaedi.ch\/wp-content\/uploads\/2022\/10\/graechen-bike-haengebruecke-europaweg.jpg","contentUrl":"https:\/\/hotel-gaedi.ch\/wp-content\/uploads\/2022\/10\/graechen-bike-haengebruecke-europaweg.jpg","width":535,"height":355},{"@type":"BreadcrumbList","@id":"https:\/\/hotel-gaedi.ch\/en\/2022\/10\/09\/graechen-is-the-largest-biking-area-in-valais\/#breadcrumb","itemListElement":[{"@type":"ListItem","position":1,"name":"Home","item":"https:\/\/hotel-gaedi.ch\/en\/"},{"@type":"ListItem","position":2,"name":"Gr\u00e4chen is the largest biking area in Valais"}]},{"@type":"WebSite","@id":"https:\/\/hotel-gaedi.ch\/#website","url":"https:\/\/hotel-gaedi.ch\/","name":"Hotel G\u00e4di","description":"Ferien im Hotel G\u00e4di - Gr\u00e4chen","potentialAction":[{"@type":"SearchAction","target":{"@type":"EntryPoint","urlTemplate":"https:\/\/hotel-gaedi.ch\/?s={search_term_string}"},"query-input":{"@type":"PropertyValueSpecification","valueRequired":true,"valueName":"search_term_string"}}],"inLanguage":"en-US"},{"@type":"Person","@id":"https:\/\/hotel-gaedi.ch\/#\/schema\/person\/edeb924d0e60b4c5e256b8a2dc2dbe7b","name":"melissa","image":{"@type":"ImageObject","inLanguage":"en-US","@id":"https:\/\/secure.gravatar.com\/avatar\/58502860a530fdb95ba429b5b42471f62f36d48b7154db0ae712c813d10403e0?s=96&d=mm&r=g","url":"https:\/\/secure.gravatar.com\/avatar\/58502860a530fdb95ba429b5b42471f62f36d48b7154db0ae712c813d10403e0?s=96&d=mm&r=g","contentUrl":"https:\/\/secure.gravatar.com\/avatar\/58502860a530fdb95ba429b5b42471f62f36d48b7154db0ae712c813d10403e0?s=96&d=mm&r=g","caption":"melissa"}}]}},"_links":{"self":[{"href":"https:\/\/hotel-gaedi.ch\/en\/wp-json\/wp\/v2\/posts\/3544","targetHints":{"allow":["GET"]}}],"collection":[{"href":"https:\/\/hotel-gaedi.ch\/en\/wp-json\/wp\/v2\/posts"}],"about":[{"href":"https:\/\/hotel-gaedi.ch\/en\/wp-json\/wp\/v2\/types\/post"}],"author":[{"embeddable":true,"href":"https:\/\/hotel-gaedi.ch\/en\/wp-json\/wp\/v2\/users\/2"}],"replies":[{"embeddable":true,"href":"https:\/\/hotel-gaedi.ch\/en\/wp-json\/wp\/v2\/comments?post=3544"}],"version-history":[{"count":7,"href":"https:\/\/hotel-gaedi.ch\/en\/wp-json\/wp\/v2\/posts\/3544\/revisions"}],"predecessor-version":[{"id":3571,"href":"https:\/\/hotel-gaedi.ch\/en\/wp-json\/wp\/v2\/posts\/3544\/revisions\/3571"}],"wp:featuredmedia":[{"embeddable":true,"href":"https:\/\/hotel-gaedi.ch\/en\/wp-json\/wp\/v2\/media\/2943"}],"wp:attachment":[{"href":"https:\/\/hotel-gaedi.ch\/en\/wp-json\/wp\/v2\/media?parent=3544"}],"wp:term":[{"taxonomy":"category","embeddable":true,"href":"https:\/\/hotel-gaedi.ch\/en\/wp-json\/wp\/v2\/categories?post=3544"},{"taxonomy":"post_tag","embeddable":true,"href":"https:\/\/hotel-gaedi.ch\/en\/wp-json\/wp\/v2\/tags?post=3544"}],"curies":[{"name":"wp","href":"https:\/\/api.w.org\/{rel}","templated":true}]}}