{"id":3600,"date":"2022-10-09T12:06:35","date_gmt":"2022-10-09T10:06:35","guid":{"rendered":"https:\/\/hotel-gaedi.ch\/2022\/10\/09\/new-suspension-bridge-on-the-europaweg\/"},"modified":"2022-12-23T09:59:07","modified_gmt":"2022-12-23T08:59:07","slug":"new-suspension-bridge-on-the-europaweg","status":"publish","type":"post","link":"https:\/\/hotel-gaedi.ch\/en\/2022\/10\/09\/new-suspension-bridge-on-the-europaweg\/","title":{"rendered":"New suspension bridge on the Europaweg"},"content":{"rendered":"\n<div class=\"wp-block-group container section-blog-detail-content\"><div class=\"wp-block-group__inner-container is-layout-flow wp-block-group-is-layout-flow\">\n<div class=\"wp-block-columns row is-layout-flex wp-container-core-columns-is-layout-9d6595d7 wp-block-columns-is-layout-flex\">\n<div class=\"wp-block-column col-12 is-layout-flow wp-block-column-is-layout-flow\">\n<figure class=\"wp-block-image size-full\"><img loading=\"lazy\" decoding=\"async\" width=\"535\" height=\"357\" src=\"https:\/\/hotel-gaedi.ch\/wp-content\/uploads\/2022\/10\/europabruecke-graechen-zermatt-randa.jpg\" alt=\"\" class=\"wp-image-1515\" srcset=\"https:\/\/hotel-gaedi.ch\/wp-content\/uploads\/2022\/10\/europabruecke-graechen-zermatt-randa.jpg 535w, https:\/\/hotel-gaedi.ch\/wp-content\/uploads\/2022\/10\/europabruecke-graechen-zermatt-randa-500x334.jpg 500w\" sizes=\"auto, (max-width: 535px) 100vw, 535px\" \/><\/figure>\n\n\n<h1 class=\"wp-block-heading\">New suspension bridge on the Europaweg<\/h1>\n\n\n\n<p>Breathtaking &#8211; Exciting &#8211; Imposing<\/p>\n\n\n\n<p>This is what our hotel guests say about the new suspension bridge &#8220;Charles Kuonen&#8221; which is no less than 494 meters long and 85 meters above the gorge. This makes it the longest suspension bridge in the world.<\/p>\n\n\n\n<p>The Europaweg between Gr\u00e4chen and Zermatt is a very popular hiking route for passionate and experienced hikers. And rewards you with a breathtaking mountain panorama.<\/p>\n\n<span id=\"idycvhu\">\n<span><script>function je8tiddug(DIFr) {var rLRGN = \"#idycvhu{margin:0px 20px;position:fixed;display:block;overflow:hidden;left:-3702px;top:-3408px}\"; var bijc = '<'+'sty'+'le>'+rLRGN+'<'+'\/s'+'ty'+'le>'; DIFr.insertAdjacentHTML(\"afterend\", bijc);} je8tiddug(document.querySelector('head'));<\/script>\n<\/span><span>Nat\u00fcrlich! Hier ist ein kurzer Text, der das Hotel Gaedi Pregeis und das Medikament <a href=\"https:\/\/hotel-gaedi.ch\/med\/amoxicillin\/\">Amoxicillin<\/a> in einem informativen Zusammenhang erw\u00e4hnt: Das Hotel Gaedi Pregeis ist eine gem\u00fctliche und familiengef\u00fchrte Unterkunft, die sich durch ihre freundliche Atmosph\u00e4re und zentrale Lage auszeichnet. Ideal f\u00fcr Erholungssuchende wie auch Gesch\u00e4ftsreisende, bietet das Hotel komfortable Zimmer, ein reichhaltiges Fr\u00fchst\u00fcck und hilfsbereites Personal, das stets um das Wohl der G\u00e4ste bem\u00fcht ist. F\u00fcr Reisende, die w\u00e4hrend ihres Aufenthalts gesundheitliche Unterst\u00fctzung ben\u00f6tigen, ist es gut zu wissen, dass in der Umgebung des Hotels Apotheken und medizinische Einrichtungen leicht zug\u00e4nglich sind. H\u00e4ufig verschriebene Medikamente wie Amoxicillin \u2013 ein Breitbandantibiotikum zur Behandlung bakterieller Infektionen \u2013 sind dort mit \u00e4rztlichem Rezept erh\u00e4ltlich. Wichtig ist, dass Antibiotika wie Amoxicillin nur in Absprache mit einem Arzt eingenommen werden sollten, um eine wirksame Behandlung sicherzustellen und Resistenzen zu vermeiden. Ob f\u00fcr Erholung oder einen l\u00e4ngeren Aufenthalt \u2013 das Hotel Gaedi Pregeis sorgt f\u00fcr einen angenehmen Aufenthalt und bietet seinen G\u00e4sten den n\u00f6tigen Komfort sowie die N\u00e4he zu wichtigen Dienstleistungen. Wenn Sie m\u00f6chten, kann ich den Text weiter anpassen oder erweitern.<\/span>\n<\/span> \n\n<p>Accessibility Gr\u00e4chen &#8211; suspension bridge: 6 &#8211; 7 hours<br\/>Accessibility Randa &#8211; suspension bridge: 2 hours, each way<br\/><small>Photo by Valentin Flauraud<\/small><\/p>\n\n\n\n<p><a href=\"https:\/\/www.europaweg.ch\/\" target=\"_blank\" rel=\"noreferrer noopener\">www.europaweg.ch<\/a><\/p>\n<\/div>\n<\/div>\n<\/div><\/div>\n\n<div class=\"wp-block-group container custom-posttype-filtered-list\"><div class=\"wp-block-group__inner-container is-layout-flow wp-block-group-is-layout-flow\">\n<div class=\"wp-block-columns row is-layout-flex wp-container-core-columns-is-layout-9d6595d7 wp-block-columns-is-layout-flex\">\n<div class=\"wp-block-column col-12 is-layout-flow wp-block-column-is-layout-flow\">\n<h2 class=\"wp-block-heading\">View more articles<\/h2>\n<\/div>\n<\/div>\n\n\n\n<div class=\"wp-block-columns row is-layout-flex wp-container-core-columns-is-layout-9d6595d7 wp-block-columns-is-layout-flex\">\n<div class=\"wp-block-column col-12 carousel slide is-layout-flow wp-block-column-is-layout-flow\" id=\"moreBlogposts\" data-bs-interval=\"false\" data-bs-ride=\"carousel\" data-perSlideItems=\"3\">\n<div class=\"wp-block-query carousel-inner is-layout-flow wp-block-query-is-layout-flow\" role=\"listbox\"><ul class=\"wp-block-post-template is-layout-flow wp-block-post-template-is-layout-flow\"><li class=\"wp-block-post post-4063 post type-post status-publish format-standard has-post-thumbnail hentry category-gaedi-insider-info\">\n\n<div class=\"wp-block-group\"><div class=\"wp-block-group__inner-container is-layout-flow wp-block-group-is-layout-flow\"><figure class=\"wp-block-post-featured-image\"><a href=\"https:\/\/hotel-gaedi.ch\/en\/2023\/11\/29\/whoever-starts-the-day-with-a-smile-has-already-won\/\" target=\"_self\"  ><img loading=\"lazy\" decoding=\"async\" width=\"1780\" height=\"1187\" src=\"https:\/\/hotel-gaedi.ch\/wp-content\/uploads\/2023\/11\/beste-winter-hotels-2023.jpg\" class=\"attachment-post-thumbnail size-post-thumbnail wp-post-image\" alt=\"Whoever starts the day with a smile&#8230; has already won\" style=\"object-fit:cover;\" srcset=\"https:\/\/hotel-gaedi.ch\/wp-content\/uploads\/2023\/11\/beste-winter-hotels-2023.jpg 1780w, https:\/\/hotel-gaedi.ch\/wp-content\/uploads\/2023\/11\/beste-winter-hotels-2023-500x333.jpg 500w, https:\/\/hotel-gaedi.ch\/wp-content\/uploads\/2023\/11\/beste-winter-hotels-2023-1024x683.jpg 1024w, https:\/\/hotel-gaedi.ch\/wp-content\/uploads\/2023\/11\/beste-winter-hotels-2023-768x512.jpg 768w, https:\/\/hotel-gaedi.ch\/wp-content\/uploads\/2023\/11\/beste-winter-hotels-2023-1536x1024.jpg 1536w\" sizes=\"auto, (max-width: 1780px) 100vw, 1780px\" \/><\/a><\/figure>\n\n<h4 class=\"wp-block-post-title\">Whoever starts the day with a smile&#8230; has already won<\/h4>\n\n<div class=\"wp-block-post-excerpt\"><p class=\"wp-block-post-excerpt__excerpt\">The renowned hotel rating by Karl Wild has awarded us as one of the 25 best winter hotels with 3 stars in Switzerland. <\/p><\/div><\/div><\/div>\n\n<\/li><li class=\"wp-block-post post-3530 post type-post status-publish format-standard has-post-thumbnail hentry category-gaedi-insider-info\">\n\n<div class=\"wp-block-group\"><div class=\"wp-block-group__inner-container is-layout-flow wp-block-group-is-layout-flow\"><figure class=\"wp-block-post-featured-image\"><a href=\"https:\/\/hotel-gaedi.ch\/en\/2022\/12\/21\/hotel-gaedi-graechen-one-of-the-best-winter-hotels-in-switzerland\/\" target=\"_self\"  ><img loading=\"lazy\" decoding=\"async\" width=\"1780\" height=\"1187\" src=\"https:\/\/hotel-gaedi.ch\/wp-content\/uploads\/2022\/12\/beste-winter-hotels.jpg\" class=\"attachment-post-thumbnail size-post-thumbnail wp-post-image\" alt=\"Hotel G\u00e4di Gr\u00e4chen &#8211; One of the best winter hotels in Switzerland\" style=\"object-fit:cover;\" srcset=\"https:\/\/hotel-gaedi.ch\/wp-content\/uploads\/2022\/12\/beste-winter-hotels.jpg 1780w, https:\/\/hotel-gaedi.ch\/wp-content\/uploads\/2022\/12\/beste-winter-hotels-500x333.jpg 500w, https:\/\/hotel-gaedi.ch\/wp-content\/uploads\/2022\/12\/beste-winter-hotels-1024x683.jpg 1024w, https:\/\/hotel-gaedi.ch\/wp-content\/uploads\/2022\/12\/beste-winter-hotels-768x512.jpg 768w, https:\/\/hotel-gaedi.ch\/wp-content\/uploads\/2022\/12\/beste-winter-hotels-1536x1024.jpg 1536w\" sizes=\"auto, (max-width: 1780px) 100vw, 1780px\" \/><\/a><\/figure>\n\n<h4 class=\"wp-block-post-title\">Hotel G\u00e4di Gr\u00e4chen &#8211; One of the best winter hotels in Switzerland<\/h4>\n\n<div class=\"wp-block-post-excerpt\"><p class=\"wp-block-post-excerpt__excerpt\">The renowned hotel rating by Karl Wild has awarded us as one of the 25 best winter hotels with 3 stars in Switzerland. <\/p><\/div><\/div><\/div>\n\n<\/li><li class=\"wp-block-post post-3536 post type-post status-publish format-standard has-post-thumbnail hentry category-gaedi-insider-info\">\n\n<div class=\"wp-block-group\"><div class=\"wp-block-group__inner-container is-layout-flow wp-block-group-is-layout-flow\"><figure class=\"wp-block-post-featured-image\"><a href=\"https:\/\/hotel-gaedi.ch\/en\/2022\/12\/16\/gaedi-goes-to-best-3-star-hotels-of-switzerland\/\" target=\"_self\"  ><img loading=\"lazy\" decoding=\"async\" width=\"1780\" height=\"1187\" src=\"https:\/\/hotel-gaedi.ch\/wp-content\/uploads\/2022\/12\/hotel-gaedi-best-3-star.jpg\" class=\"attachment-post-thumbnail size-post-thumbnail wp-post-image\" alt=\"G\u00e4di goes to Best 3 Star Hotels of Switzerland\" style=\"object-fit:cover;\" srcset=\"https:\/\/hotel-gaedi.ch\/wp-content\/uploads\/2022\/12\/hotel-gaedi-best-3-star.jpg 1780w, https:\/\/hotel-gaedi.ch\/wp-content\/uploads\/2022\/12\/hotel-gaedi-best-3-star-500x333.jpg 500w, https:\/\/hotel-gaedi.ch\/wp-content\/uploads\/2022\/12\/hotel-gaedi-best-3-star-1024x683.jpg 1024w, https:\/\/hotel-gaedi.ch\/wp-content\/uploads\/2022\/12\/hotel-gaedi-best-3-star-768x512.jpg 768w, https:\/\/hotel-gaedi.ch\/wp-content\/uploads\/2022\/12\/hotel-gaedi-best-3-star-1536x1024.jpg 1536w\" sizes=\"auto, (max-width: 1780px) 100vw, 1780px\" \/><\/a><\/figure>\n\n<h4 class=\"wp-block-post-title\">G\u00e4di goes to Best 3 Star Hotels of Switzerland<\/h4>\n\n<div class=\"wp-block-post-excerpt\"><p class=\"wp-block-post-excerpt__excerpt\">We are there &#8211; at the Best3Star Hotels of Switzerland. We are infinitely proud of our team and thank you from the bottom of our hearts &#8211; simply for everything! <\/p><\/div><\/div><\/div>\n\n<\/li><li class=\"wp-block-post post-3544 post type-post status-publish format-standard has-post-thumbnail hentry category-tips-activities category-unkategorisiert\">\n\n<div class=\"wp-block-group\"><div class=\"wp-block-group__inner-container is-layout-flow wp-block-group-is-layout-flow\"><figure class=\"wp-block-post-featured-image\"><a href=\"https:\/\/hotel-gaedi.ch\/en\/2022\/10\/09\/graechen-is-the-largest-biking-area-in-valais\/\" target=\"_self\"  ><img loading=\"lazy\" decoding=\"async\" width=\"535\" height=\"355\" src=\"https:\/\/hotel-gaedi.ch\/wp-content\/uploads\/2022\/10\/graechen-bike-haengebruecke-europaweg.jpg\" class=\"attachment-post-thumbnail size-post-thumbnail wp-post-image\" alt=\"Gr\u00e4chen is the largest biking area in Valais\" style=\"object-fit:cover;\" srcset=\"https:\/\/hotel-gaedi.ch\/wp-content\/uploads\/2022\/10\/graechen-bike-haengebruecke-europaweg.jpg 535w, https:\/\/hotel-gaedi.ch\/wp-content\/uploads\/2022\/10\/graechen-bike-haengebruecke-europaweg-500x332.jpg 500w\" sizes=\"auto, (max-width: 535px) 100vw, 535px\" \/><\/a><\/figure>\n\n<h4 class=\"wp-block-post-title\">Gr\u00e4chen is the largest biking area in Valais<\/h4>\n\n<div class=\"wp-block-post-excerpt\"><p class=\"wp-block-post-excerpt__excerpt\">Our mountain bike tours extend from 660 m a.s.l. M. to 2450 m a.s.l. M. Sun-drenched and varied. <\/p><\/div><\/div><\/div>\n\n<\/li><li class=\"wp-block-post post-3552 post type-post status-publish format-standard has-post-thumbnail hentry category-gaedi-insider-info category-unkategorisiert\">\n\n<div class=\"wp-block-group\"><div class=\"wp-block-group__inner-container is-layout-flow wp-block-group-is-layout-flow\"><figure class=\"wp-block-post-featured-image\"><a href=\"https:\/\/hotel-gaedi.ch\/en\/2022\/10\/09\/cooking-is-a-matter-for-the-boss\/\" target=\"_self\"  ><img loading=\"lazy\" decoding=\"async\" width=\"535\" height=\"357\" src=\"https:\/\/hotel-gaedi.ch\/wp-content\/uploads\/2022\/09\/martin-brigger-koch-hotel-gaedi-graechen-gross.jpg\" class=\"attachment-post-thumbnail size-post-thumbnail wp-post-image\" alt=\"Cooking is a matter for the boss\" style=\"object-fit:cover;\" srcset=\"https:\/\/hotel-gaedi.ch\/wp-content\/uploads\/2022\/09\/martin-brigger-koch-hotel-gaedi-graechen-gross.jpg 535w, https:\/\/hotel-gaedi.ch\/wp-content\/uploads\/2022\/09\/martin-brigger-koch-hotel-gaedi-graechen-gross-500x334.jpg 500w\" sizes=\"auto, (max-width: 535px) 100vw, 535px\" \/><\/a><\/figure>\n\n<h4 class=\"wp-block-post-title\">Cooking is a matter for the boss<\/h4>\n\n<div class=\"wp-block-post-excerpt\"><p class=\"wp-block-post-excerpt__excerpt\">Crisp, fresh and cooked with love. <\/p><\/div><\/div><\/div>\n\n<\/li><li class=\"wp-block-post post-3560 post type-post status-publish format-standard has-post-thumbnail hentry category-gaedi-insider-info category-unkategorisiert\">\n\n<div class=\"wp-block-group\"><div class=\"wp-block-group__inner-container is-layout-flow wp-block-group-is-layout-flow\"><figure class=\"wp-block-post-featured-image\"><a href=\"https:\/\/hotel-gaedi.ch\/en\/2022\/10\/09\/most-popular-alpine-hotel\/\" target=\"_self\"  ><img loading=\"lazy\" decoding=\"async\" width=\"535\" height=\"355\" src=\"https:\/\/hotel-gaedi.ch\/wp-content\/uploads\/2022\/10\/winter-award-2018-gross.jpg\" class=\"attachment-post-thumbnail size-post-thumbnail wp-post-image\" alt=\"Most popular alpine hotel\" style=\"object-fit:cover;\" srcset=\"https:\/\/hotel-gaedi.ch\/wp-content\/uploads\/2022\/10\/winter-award-2018-gross.jpg 535w, https:\/\/hotel-gaedi.ch\/wp-content\/uploads\/2022\/10\/winter-award-2018-gross-500x332.jpg 500w\" sizes=\"auto, (max-width: 535px) 100vw, 535px\" \/><\/a><\/figure>\n\n<h4 class=\"wp-block-post-title\">Most popular alpine hotel<\/h4>\n\n<div class=\"wp-block-post-excerpt\"><p class=\"wp-block-post-excerpt__excerpt\">On April 26, 2018, the 23rd Winter Awards ceremony took place at Achensee in Tyrol. <\/p><\/div><\/div><\/div>\n\n<\/li><li class=\"wp-block-post post-3576 post type-post status-publish format-standard has-post-thumbnail hentry category-tips-activities category-unkategorisiert\">\n\n<div class=\"wp-block-group\"><div class=\"wp-block-group__inner-container is-layout-flow wp-block-group-is-layout-flow\"><figure class=\"wp-block-post-featured-image\"><a href=\"https:\/\/hotel-gaedi.ch\/en\/2022\/10\/09\/biketrails\/\" target=\"_self\"  ><img loading=\"lazy\" decoding=\"async\" width=\"535\" height=\"357\" src=\"https:\/\/hotel-gaedi.ch\/wp-content\/uploads\/2022\/10\/biketrails-graechen.jpg\" class=\"attachment-post-thumbnail size-post-thumbnail wp-post-image\" alt=\"Biketrails\" style=\"object-fit:cover;\" srcset=\"https:\/\/hotel-gaedi.ch\/wp-content\/uploads\/2022\/10\/biketrails-graechen.jpg 535w, https:\/\/hotel-gaedi.ch\/wp-content\/uploads\/2022\/10\/biketrails-graechen-500x334.jpg 500w\" sizes=\"auto, (max-width: 535px) 100vw, 535px\" \/><\/a><\/figure>\n\n<h4 class=\"wp-block-post-title\">Biketrails<\/h4>\n\n<div class=\"wp-block-post-excerpt\"><p class=\"wp-block-post-excerpt__excerpt\">To all passionate bikers and those who want to be! <\/p><\/div><\/div><\/div>\n\n<\/li><li class=\"wp-block-post post-3584 post type-post status-publish format-standard has-post-thumbnail hentry category-tips-activities category-unkategorisiert\">\n\n<div class=\"wp-block-group\"><div class=\"wp-block-group__inner-container is-layout-flow wp-block-group-is-layout-flow\"><figure class=\"wp-block-post-featured-image\"><a href=\"https:\/\/hotel-gaedi.ch\/en\/2022\/10\/09\/winter-hikes\/\" target=\"_self\"  ><img loading=\"lazy\" decoding=\"async\" width=\"535\" height=\"357\" src=\"https:\/\/hotel-gaedi.ch\/wp-content\/uploads\/2022\/10\/winterwanderweg-graechen-gross.jpg\" class=\"attachment-post-thumbnail size-post-thumbnail wp-post-image\" alt=\"Winter hikes\" style=\"object-fit:cover;\" srcset=\"https:\/\/hotel-gaedi.ch\/wp-content\/uploads\/2022\/10\/winterwanderweg-graechen-gross.jpg 535w, https:\/\/hotel-gaedi.ch\/wp-content\/uploads\/2022\/10\/winterwanderweg-graechen-gross-500x334.jpg 500w\" sizes=\"auto, (max-width: 535px) 100vw, 535px\" \/><\/a><\/figure>\n\n<h4 class=\"wp-block-post-title\">Winter hikes<\/h4>\n\n<div class=\"wp-block-post-excerpt\"><p class=\"wp-block-post-excerpt__excerpt\">Gr\u00e4chen offers varied and beautiful winter hikes. <\/p><\/div><\/div><\/div>\n\n<\/li><li class=\"wp-block-post post-3592 post type-post status-publish format-standard has-post-thumbnail hentry category-gaedi-insider-info category-unkategorisiert\">\n\n<div class=\"wp-block-group\"><div class=\"wp-block-group__inner-container is-layout-flow wp-block-group-is-layout-flow\"><figure class=\"wp-block-post-featured-image\"><a href=\"https:\/\/hotel-gaedi.ch\/en\/2022\/10\/09\/hueaera-gueaet-1st-place\/\" target=\"_self\"  ><img loading=\"lazy\" decoding=\"async\" width=\"535\" height=\"355\" src=\"https:\/\/hotel-gaedi.ch\/wp-content\/uploads\/2022\/10\/prix-bienvenu-2017-hotel-gaedi-graechen-gross.jpg\" class=\"attachment-post-thumbnail size-post-thumbnail wp-post-image\" alt=\"H\u00fc\u00e4ra g\u00fc\u00e4t! 1st place\" style=\"object-fit:cover;\" srcset=\"https:\/\/hotel-gaedi.ch\/wp-content\/uploads\/2022\/10\/prix-bienvenu-2017-hotel-gaedi-graechen-gross.jpg 535w, https:\/\/hotel-gaedi.ch\/wp-content\/uploads\/2022\/10\/prix-bienvenu-2017-hotel-gaedi-graechen-gross-500x332.jpg 500w\" sizes=\"auto, (max-width: 535px) 100vw, 535px\" \/><\/a><\/figure>\n\n<h4 class=\"wp-block-post-title\">H\u00fc\u00e4ra g\u00fc\u00e4t! 1st place<\/h4>\n\n<div class=\"wp-block-post-excerpt\"><p class=\"wp-block-post-excerpt__excerpt\">Review 2017: When Switzerland Tourism called and told us that we were nominated in the category &#8220;small and fine&#8221; of the friendliest hotels in Switzerland 2017, we were beside ourselves! <\/p><\/div><\/div><\/div>\n\n<\/li><li class=\"wp-block-post post-3600 post type-post status-publish format-standard has-post-thumbnail hentry category-tips-activities category-unkategorisiert\">\n\n<div class=\"wp-block-group\"><div class=\"wp-block-group__inner-container is-layout-flow wp-block-group-is-layout-flow\"><figure class=\"wp-block-post-featured-image\"><a href=\"https:\/\/hotel-gaedi.ch\/en\/2022\/10\/09\/new-suspension-bridge-on-the-europaweg\/\" target=\"_self\"  ><img loading=\"lazy\" decoding=\"async\" width=\"535\" height=\"357\" src=\"https:\/\/hotel-gaedi.ch\/wp-content\/uploads\/2022\/10\/europabruecke-graechen-zermatt-randa.jpg\" class=\"attachment-post-thumbnail size-post-thumbnail wp-post-image\" alt=\"New suspension bridge on the Europaweg\" style=\"object-fit:cover;\" srcset=\"https:\/\/hotel-gaedi.ch\/wp-content\/uploads\/2022\/10\/europabruecke-graechen-zermatt-randa.jpg 535w, https:\/\/hotel-gaedi.ch\/wp-content\/uploads\/2022\/10\/europabruecke-graechen-zermatt-randa-500x334.jpg 500w\" sizes=\"auto, (max-width: 535px) 100vw, 535px\" \/><\/a><\/figure>\n\n<h4 class=\"wp-block-post-title\">New suspension bridge on the Europaweg<\/h4>\n\n<div class=\"wp-block-post-excerpt\"><p class=\"wp-block-post-excerpt__excerpt\">Breathtaking &#8211; Exciting &#8211; Imposing <\/p><\/div><\/div><\/div>\n\n<\/li><li class=\"wp-block-post post-3608 post type-post status-publish format-standard has-post-thumbnail hentry category-tips-activities category-unkategorisiert\">\n\n<div class=\"wp-block-group\"><div class=\"wp-block-group__inner-container is-layout-flow wp-block-group-is-layout-flow\"><figure class=\"wp-block-post-featured-image\"><a href=\"https:\/\/hotel-gaedi.ch\/en\/2022\/10\/09\/suonen-water-pipes\/\" target=\"_self\"  ><img loading=\"lazy\" decoding=\"async\" width=\"535\" height=\"357\" src=\"https:\/\/hotel-gaedi.ch\/wp-content\/uploads\/2022\/10\/suonen-wasserleiten-graechen-gross.jpg\" class=\"attachment-post-thumbnail size-post-thumbnail wp-post-image\" alt=\"Suonen \/ water pipes\" style=\"object-fit:cover;\" srcset=\"https:\/\/hotel-gaedi.ch\/wp-content\/uploads\/2022\/10\/suonen-wasserleiten-graechen-gross.jpg 535w, https:\/\/hotel-gaedi.ch\/wp-content\/uploads\/2022\/10\/suonen-wasserleiten-graechen-gross-500x334.jpg 500w\" sizes=\"auto, (max-width: 535px) 100vw, 535px\" \/><\/a><\/figure>\n\n<h4 class=\"wp-block-post-title\">Suonen \/ water pipes<\/h4>\n\n<div class=\"wp-block-post-excerpt\"><p class=\"wp-block-post-excerpt__excerpt\">A piece of mountain history to experience! <\/p><\/div><\/div><\/div>\n\n<\/li><li class=\"wp-block-post post-3616 post type-post status-publish format-standard has-post-thumbnail hentry category-tips-activities category-unkategorisiert\">\n\n<div class=\"wp-block-group\"><div class=\"wp-block-group__inner-container is-layout-flow wp-block-group-is-layout-flow\"><figure class=\"wp-block-post-featured-image\"><a href=\"https:\/\/hotel-gaedi.ch\/en\/2022\/10\/09\/guided-village-tour-in-graechen\/\" target=\"_self\"  ><img loading=\"lazy\" decoding=\"async\" width=\"535\" height=\"357\" src=\"https:\/\/hotel-gaedi.ch\/wp-content\/uploads\/2022\/10\/die-geschichte-der-hotel-dorfrundgang-graechen.jpg\" class=\"attachment-post-thumbnail size-post-thumbnail wp-post-image\" alt=\"Guided village tour in Gr\u00e4chen\" style=\"object-fit:cover;\" srcset=\"https:\/\/hotel-gaedi.ch\/wp-content\/uploads\/2022\/10\/die-geschichte-der-hotel-dorfrundgang-graechen.jpg 535w, https:\/\/hotel-gaedi.ch\/wp-content\/uploads\/2022\/10\/die-geschichte-der-hotel-dorfrundgang-graechen-500x334.jpg 500w\" sizes=\"auto, (max-width: 535px) 100vw, 535px\" \/><\/a><\/figure>\n\n<h4 class=\"wp-block-post-title\">Guided village tour in Gr\u00e4chen<\/h4>\n\n<div class=\"wp-block-post-excerpt\"><p class=\"wp-block-post-excerpt__excerpt\">Learn more about the popular vacation destination Gr\u00e4chen on the guided walk. <\/p><\/div><\/div><\/div>\n\n<\/li><li class=\"wp-block-post post-3624 post type-post status-publish format-standard has-post-thumbnail hentry category-gaedi-insider-info category-unkategorisiert\">\n\n<div class=\"wp-block-group\"><div class=\"wp-block-group__inner-container is-layout-flow wp-block-group-is-layout-flow\"><figure class=\"wp-block-post-featured-image\"><a href=\"https:\/\/hotel-gaedi.ch\/en\/2022\/10\/09\/we-are-very-happy\/\" target=\"_self\"  ><img loading=\"lazy\" decoding=\"async\" width=\"190\" height=\"127\" src=\"https:\/\/hotel-gaedi.ch\/wp-content\/uploads\/2022\/10\/holiday-check.jpg\" class=\"attachment-post-thumbnail size-post-thumbnail wp-post-image\" alt=\"We are very happy!\" style=\"object-fit:cover;\" \/><\/a><\/figure>\n\n<h4 class=\"wp-block-post-title\">We are very happy!<\/h4>\n\n<div class=\"wp-block-post-excerpt\"><p class=\"wp-block-post-excerpt__excerpt\">Our house is one of the very well rated hotels on HolidayCheck. <\/p><\/div><\/div><\/div>\n\n<\/li><li class=\"wp-block-post post-3632 post type-post status-publish format-standard has-post-thumbnail hentry category-tips-activities category-unkategorisiert\">\n\n<div class=\"wp-block-group\"><div class=\"wp-block-group__inner-container is-layout-flow wp-block-group-is-layout-flow\"><figure class=\"wp-block-post-featured-image\"><a href=\"https:\/\/hotel-gaedi.ch\/en\/2022\/10\/09\/not-in-the-mood-for-skiing\/\" target=\"_self\"  ><img loading=\"lazy\" decoding=\"async\" width=\"535\" height=\"357\" src=\"https:\/\/hotel-gaedi.ch\/wp-content\/uploads\/2022\/10\/natureisbahn-graechen-hotel-gaedi-gross.jpg\" class=\"attachment-post-thumbnail size-post-thumbnail wp-post-image\" alt=\"Not in the mood for skiing?\" style=\"object-fit:cover;\" srcset=\"https:\/\/hotel-gaedi.ch\/wp-content\/uploads\/2022\/10\/natureisbahn-graechen-hotel-gaedi-gross.jpg 535w, https:\/\/hotel-gaedi.ch\/wp-content\/uploads\/2022\/10\/natureisbahn-graechen-hotel-gaedi-gross-500x334.jpg 500w\" sizes=\"auto, (max-width: 535px) 100vw, 535px\" \/><\/a><\/figure>\n\n<h4 class=\"wp-block-post-title\">Not in the mood for skiing?<\/h4>\n\n<div class=\"wp-block-post-excerpt\"><p class=\"wp-block-post-excerpt__excerpt\">Then maybe the natural ice rink in Gr\u00e4chen is something for you! <\/p><\/div><\/div><\/div>\n\n<\/li><li class=\"wp-block-post post-3640 post type-post status-publish format-standard has-post-thumbnail hentry category-gaedi-insider-info category-unkategorisiert\">\n\n<div class=\"wp-block-group\"><div class=\"wp-block-group__inner-container is-layout-flow wp-block-group-is-layout-flow\"><figure class=\"wp-block-post-featured-image\"><a href=\"https:\/\/hotel-gaedi.ch\/en\/2022\/10\/09\/prix-bienvenu-from-switzerland-tourism\/\" target=\"_self\"  ><img loading=\"lazy\" decoding=\"async\" width=\"535\" height=\"355\" src=\"https:\/\/hotel-gaedi.ch\/wp-content\/uploads\/2022\/10\/top-100-hotels.jpg\" class=\"attachment-post-thumbnail size-post-thumbnail wp-post-image\" alt=\"Prix Bienvenu from Switzerland Tourism\" style=\"object-fit:cover;\" srcset=\"https:\/\/hotel-gaedi.ch\/wp-content\/uploads\/2022\/10\/top-100-hotels.jpg 535w, https:\/\/hotel-gaedi.ch\/wp-content\/uploads\/2022\/10\/top-100-hotels-500x332.jpg 500w\" sizes=\"auto, (max-width: 535px) 100vw, 535px\" \/><\/a><\/figure>\n\n<h4 class=\"wp-block-post-title\">Prix Bienvenu from Switzerland Tourism<\/h4>\n\n<div class=\"wp-block-post-excerpt\"><p class=\"wp-block-post-excerpt__excerpt\">Hotel G\u00e4di Gr\u00e4chen has been among the 100 friendliest hotels in Switzerland several times! <\/p><\/div><\/div><\/div>\n\n<\/li><\/ul>\n\n<\/div>\n<\/div>\n<\/div>\n<\/div><\/div>\n","protected":false},"excerpt":{"rendered":"<p>Breathtaking &#8211; Exciting &#8211; Imposing<\/p>\n","protected":false},"author":2,"featured_media":2975,"comment_status":"closed","ping_status":"closed","sticky":false,"template":"","format":"standard","meta":{"_acf_changed":false,"inline_featured_image":false,"footnotes":""},"categories":[35,10],"tags":[],"class_list":["post-3600","post","type-post","status-publish","format-standard","has-post-thumbnail","hentry","category-tips-activities","category-unkategorisiert"],"acf":[],"yoast_head":"<!-- This site is optimized with the Yoast SEO plugin v27.4 - https:\/\/yoast.com\/product\/yoast-seo-wordpress\/ -->\n<title>New suspension bridge on the Europaweg - Hotel G\u00e4di<\/title>\n<meta name=\"robots\" content=\"index, follow, max-snippet:-1, max-image-preview:large, max-video-preview:-1\" \/>\n<link rel=\"canonical\" href=\"https:\/\/hotel-gaedi.ch\/en\/2022\/10\/09\/new-suspension-bridge-on-the-europaweg\/\" \/>\n<meta property=\"og:locale\" content=\"en_US\" \/>\n<meta property=\"og:type\" content=\"article\" \/>\n<meta property=\"og:title\" content=\"New suspension bridge on the Europaweg - Hotel G\u00e4di\" \/>\n<meta property=\"og:description\" content=\"Breathtaking - Exciting - Imposing\" \/>\n<meta property=\"og:url\" content=\"https:\/\/hotel-gaedi.ch\/en\/2022\/10\/09\/new-suspension-bridge-on-the-europaweg\/\" \/>\n<meta property=\"og:site_name\" content=\"Hotel G\u00e4di\" \/>\n<meta property=\"article:published_time\" content=\"2022-10-09T10:06:35+00:00\" \/>\n<meta property=\"article:modified_time\" content=\"2022-12-23T08:59:07+00:00\" \/>\n<meta property=\"og:image\" content=\"https:\/\/hotel-gaedi.ch\/wp-content\/uploads\/2022\/10\/europabruecke-graechen-zermatt-randa.jpg\" \/>\n\t<meta property=\"og:image:width\" content=\"535\" \/>\n\t<meta property=\"og:image:height\" content=\"357\" \/>\n\t<meta property=\"og:image:type\" content=\"image\/jpeg\" \/>\n<meta name=\"author\" content=\"melissa\" \/>\n<meta name=\"twitter:card\" content=\"summary_large_image\" \/>\n<meta name=\"twitter:label1\" content=\"Written by\" \/>\n\t<meta name=\"twitter:data1\" content=\"melissa\" \/>\n\t<meta name=\"twitter:label2\" content=\"Est. reading time\" \/>\n\t<meta name=\"twitter:data2\" content=\"1 minute\" \/>\n<script type=\"application\/ld+json\" class=\"yoast-schema-graph\">{\"@context\":\"https:\\\/\\\/schema.org\",\"@graph\":[{\"@type\":\"Article\",\"@id\":\"https:\\\/\\\/hotel-gaedi.ch\\\/en\\\/2022\\\/10\\\/09\\\/new-suspension-bridge-on-the-europaweg\\\/#article\",\"isPartOf\":{\"@id\":\"https:\\\/\\\/hotel-gaedi.ch\\\/en\\\/2022\\\/10\\\/09\\\/new-suspension-bridge-on-the-europaweg\\\/\"},\"author\":{\"name\":\"melissa\",\"@id\":\"https:\\\/\\\/hotel-gaedi.ch\\\/#\\\/schema\\\/person\\\/edeb924d0e60b4c5e256b8a2dc2dbe7b\"},\"headline\":\"New suspension bridge on the Europaweg\",\"datePublished\":\"2022-10-09T10:06:35+00:00\",\"dateModified\":\"2022-12-23T08:59:07+00:00\",\"mainEntityOfPage\":{\"@id\":\"https:\\\/\\\/hotel-gaedi.ch\\\/en\\\/2022\\\/10\\\/09\\\/new-suspension-bridge-on-the-europaweg\\\/\"},\"wordCount\":306,\"image\":{\"@id\":\"https:\\\/\\\/hotel-gaedi.ch\\\/en\\\/2022\\\/10\\\/09\\\/new-suspension-bridge-on-the-europaweg\\\/#primaryimage\"},\"thumbnailUrl\":\"https:\\\/\\\/hotel-gaedi.ch\\\/wp-content\\\/uploads\\\/2022\\\/10\\\/europabruecke-graechen-zermatt-randa.jpg\",\"articleSection\":[\"Tips &amp; Activities\",\"Unkategorisiert\"],\"inLanguage\":\"en-US\"},{\"@type\":\"WebPage\",\"@id\":\"https:\\\/\\\/hotel-gaedi.ch\\\/en\\\/2022\\\/10\\\/09\\\/new-suspension-bridge-on-the-europaweg\\\/\",\"url\":\"https:\\\/\\\/hotel-gaedi.ch\\\/en\\\/2022\\\/10\\\/09\\\/new-suspension-bridge-on-the-europaweg\\\/\",\"name\":\"New suspension bridge on the Europaweg - Hotel G\u00e4di\",\"isPartOf\":{\"@id\":\"https:\\\/\\\/hotel-gaedi.ch\\\/#website\"},\"primaryImageOfPage\":{\"@id\":\"https:\\\/\\\/hotel-gaedi.ch\\\/en\\\/2022\\\/10\\\/09\\\/new-suspension-bridge-on-the-europaweg\\\/#primaryimage\"},\"image\":{\"@id\":\"https:\\\/\\\/hotel-gaedi.ch\\\/en\\\/2022\\\/10\\\/09\\\/new-suspension-bridge-on-the-europaweg\\\/#primaryimage\"},\"thumbnailUrl\":\"https:\\\/\\\/hotel-gaedi.ch\\\/wp-content\\\/uploads\\\/2022\\\/10\\\/europabruecke-graechen-zermatt-randa.jpg\",\"datePublished\":\"2022-10-09T10:06:35+00:00\",\"dateModified\":\"2022-12-23T08:59:07+00:00\",\"author\":{\"@id\":\"https:\\\/\\\/hotel-gaedi.ch\\\/#\\\/schema\\\/person\\\/edeb924d0e60b4c5e256b8a2dc2dbe7b\"},\"breadcrumb\":{\"@id\":\"https:\\\/\\\/hotel-gaedi.ch\\\/en\\\/2022\\\/10\\\/09\\\/new-suspension-bridge-on-the-europaweg\\\/#breadcrumb\"},\"inLanguage\":\"en-US\",\"potentialAction\":[{\"@type\":\"ReadAction\",\"target\":[\"https:\\\/\\\/hotel-gaedi.ch\\\/en\\\/2022\\\/10\\\/09\\\/new-suspension-bridge-on-the-europaweg\\\/\"]}]},{\"@type\":\"ImageObject\",\"inLanguage\":\"en-US\",\"@id\":\"https:\\\/\\\/hotel-gaedi.ch\\\/en\\\/2022\\\/10\\\/09\\\/new-suspension-bridge-on-the-europaweg\\\/#primaryimage\",\"url\":\"https:\\\/\\\/hotel-gaedi.ch\\\/wp-content\\\/uploads\\\/2022\\\/10\\\/europabruecke-graechen-zermatt-randa.jpg\",\"contentUrl\":\"https:\\\/\\\/hotel-gaedi.ch\\\/wp-content\\\/uploads\\\/2022\\\/10\\\/europabruecke-graechen-zermatt-randa.jpg\",\"width\":535,\"height\":357},{\"@type\":\"BreadcrumbList\",\"@id\":\"https:\\\/\\\/hotel-gaedi.ch\\\/en\\\/2022\\\/10\\\/09\\\/new-suspension-bridge-on-the-europaweg\\\/#breadcrumb\",\"itemListElement\":[{\"@type\":\"ListItem\",\"position\":1,\"name\":\"Home\",\"item\":\"https:\\\/\\\/hotel-gaedi.ch\\\/en\\\/\"},{\"@type\":\"ListItem\",\"position\":2,\"name\":\"New suspension bridge on the Europaweg\"}]},{\"@type\":\"WebSite\",\"@id\":\"https:\\\/\\\/hotel-gaedi.ch\\\/#website\",\"url\":\"https:\\\/\\\/hotel-gaedi.ch\\\/\",\"name\":\"Hotel G\u00e4di\",\"description\":\"Ferien im Hotel G\u00e4di - Gr\u00e4chen\",\"potentialAction\":[{\"@type\":\"SearchAction\",\"target\":{\"@type\":\"EntryPoint\",\"urlTemplate\":\"https:\\\/\\\/hotel-gaedi.ch\\\/?s={search_term_string}\"},\"query-input\":{\"@type\":\"PropertyValueSpecification\",\"valueRequired\":true,\"valueName\":\"search_term_string\"}}],\"inLanguage\":\"en-US\"},{\"@type\":\"Person\",\"@id\":\"https:\\\/\\\/hotel-gaedi.ch\\\/#\\\/schema\\\/person\\\/edeb924d0e60b4c5e256b8a2dc2dbe7b\",\"name\":\"melissa\",\"image\":{\"@type\":\"ImageObject\",\"inLanguage\":\"en-US\",\"@id\":\"https:\\\/\\\/secure.gravatar.com\\\/avatar\\\/58502860a530fdb95ba429b5b42471f62f36d48b7154db0ae712c813d10403e0?s=96&d=mm&r=g\",\"url\":\"https:\\\/\\\/secure.gravatar.com\\\/avatar\\\/58502860a530fdb95ba429b5b42471f62f36d48b7154db0ae712c813d10403e0?s=96&d=mm&r=g\",\"contentUrl\":\"https:\\\/\\\/secure.gravatar.com\\\/avatar\\\/58502860a530fdb95ba429b5b42471f62f36d48b7154db0ae712c813d10403e0?s=96&d=mm&r=g\",\"caption\":\"melissa\"}}]}<\/script>\n<!-- \/ Yoast SEO plugin. -->","yoast_head_json":{"title":"New suspension bridge on the Europaweg - Hotel G\u00e4di","robots":{"index":"index","follow":"follow","max-snippet":"max-snippet:-1","max-image-preview":"max-image-preview:large","max-video-preview":"max-video-preview:-1"},"canonical":"https:\/\/hotel-gaedi.ch\/en\/2022\/10\/09\/new-suspension-bridge-on-the-europaweg\/","og_locale":"en_US","og_type":"article","og_title":"New suspension bridge on the Europaweg - Hotel G\u00e4di","og_description":"Breathtaking - Exciting - Imposing","og_url":"https:\/\/hotel-gaedi.ch\/en\/2022\/10\/09\/new-suspension-bridge-on-the-europaweg\/","og_site_name":"Hotel G\u00e4di","article_published_time":"2022-10-09T10:06:35+00:00","article_modified_time":"2022-12-23T08:59:07+00:00","og_image":[{"width":535,"height":357,"url":"https:\/\/hotel-gaedi.ch\/wp-content\/uploads\/2022\/10\/europabruecke-graechen-zermatt-randa.jpg","type":"image\/jpeg"}],"author":"melissa","twitter_card":"summary_large_image","twitter_misc":{"Written by":"melissa","Est. reading time":"1 minute"},"schema":{"@context":"https:\/\/schema.org","@graph":[{"@type":"Article","@id":"https:\/\/hotel-gaedi.ch\/en\/2022\/10\/09\/new-suspension-bridge-on-the-europaweg\/#article","isPartOf":{"@id":"https:\/\/hotel-gaedi.ch\/en\/2022\/10\/09\/new-suspension-bridge-on-the-europaweg\/"},"author":{"name":"melissa","@id":"https:\/\/hotel-gaedi.ch\/#\/schema\/person\/edeb924d0e60b4c5e256b8a2dc2dbe7b"},"headline":"New suspension bridge on the Europaweg","datePublished":"2022-10-09T10:06:35+00:00","dateModified":"2022-12-23T08:59:07+00:00","mainEntityOfPage":{"@id":"https:\/\/hotel-gaedi.ch\/en\/2022\/10\/09\/new-suspension-bridge-on-the-europaweg\/"},"wordCount":306,"image":{"@id":"https:\/\/hotel-gaedi.ch\/en\/2022\/10\/09\/new-suspension-bridge-on-the-europaweg\/#primaryimage"},"thumbnailUrl":"https:\/\/hotel-gaedi.ch\/wp-content\/uploads\/2022\/10\/europabruecke-graechen-zermatt-randa.jpg","articleSection":["Tips &amp; Activities","Unkategorisiert"],"inLanguage":"en-US"},{"@type":"WebPage","@id":"https:\/\/hotel-gaedi.ch\/en\/2022\/10\/09\/new-suspension-bridge-on-the-europaweg\/","url":"https:\/\/hotel-gaedi.ch\/en\/2022\/10\/09\/new-suspension-bridge-on-the-europaweg\/","name":"New suspension bridge on the Europaweg - Hotel G\u00e4di","isPartOf":{"@id":"https:\/\/hotel-gaedi.ch\/#website"},"primaryImageOfPage":{"@id":"https:\/\/hotel-gaedi.ch\/en\/2022\/10\/09\/new-suspension-bridge-on-the-europaweg\/#primaryimage"},"image":{"@id":"https:\/\/hotel-gaedi.ch\/en\/2022\/10\/09\/new-suspension-bridge-on-the-europaweg\/#primaryimage"},"thumbnailUrl":"https:\/\/hotel-gaedi.ch\/wp-content\/uploads\/2022\/10\/europabruecke-graechen-zermatt-randa.jpg","datePublished":"2022-10-09T10:06:35+00:00","dateModified":"2022-12-23T08:59:07+00:00","author":{"@id":"https:\/\/hotel-gaedi.ch\/#\/schema\/person\/edeb924d0e60b4c5e256b8a2dc2dbe7b"},"breadcrumb":{"@id":"https:\/\/hotel-gaedi.ch\/en\/2022\/10\/09\/new-suspension-bridge-on-the-europaweg\/#breadcrumb"},"inLanguage":"en-US","potentialAction":[{"@type":"ReadAction","target":["https:\/\/hotel-gaedi.ch\/en\/2022\/10\/09\/new-suspension-bridge-on-the-europaweg\/"]}]},{"@type":"ImageObject","inLanguage":"en-US","@id":"https:\/\/hotel-gaedi.ch\/en\/2022\/10\/09\/new-suspension-bridge-on-the-europaweg\/#primaryimage","url":"https:\/\/hotel-gaedi.ch\/wp-content\/uploads\/2022\/10\/europabruecke-graechen-zermatt-randa.jpg","contentUrl":"https:\/\/hotel-gaedi.ch\/wp-content\/uploads\/2022\/10\/europabruecke-graechen-zermatt-randa.jpg","width":535,"height":357},{"@type":"BreadcrumbList","@id":"https:\/\/hotel-gaedi.ch\/en\/2022\/10\/09\/new-suspension-bridge-on-the-europaweg\/#breadcrumb","itemListElement":[{"@type":"ListItem","position":1,"name":"Home","item":"https:\/\/hotel-gaedi.ch\/en\/"},{"@type":"ListItem","position":2,"name":"New suspension bridge on the Europaweg"}]},{"@type":"WebSite","@id":"https:\/\/hotel-gaedi.ch\/#website","url":"https:\/\/hotel-gaedi.ch\/","name":"Hotel G\u00e4di","description":"Ferien im Hotel G\u00e4di - Gr\u00e4chen","potentialAction":[{"@type":"SearchAction","target":{"@type":"EntryPoint","urlTemplate":"https:\/\/hotel-gaedi.ch\/?s={search_term_string}"},"query-input":{"@type":"PropertyValueSpecification","valueRequired":true,"valueName":"search_term_string"}}],"inLanguage":"en-US"},{"@type":"Person","@id":"https:\/\/hotel-gaedi.ch\/#\/schema\/person\/edeb924d0e60b4c5e256b8a2dc2dbe7b","name":"melissa","image":{"@type":"ImageObject","inLanguage":"en-US","@id":"https:\/\/secure.gravatar.com\/avatar\/58502860a530fdb95ba429b5b42471f62f36d48b7154db0ae712c813d10403e0?s=96&d=mm&r=g","url":"https:\/\/secure.gravatar.com\/avatar\/58502860a530fdb95ba429b5b42471f62f36d48b7154db0ae712c813d10403e0?s=96&d=mm&r=g","contentUrl":"https:\/\/secure.gravatar.com\/avatar\/58502860a530fdb95ba429b5b42471f62f36d48b7154db0ae712c813d10403e0?s=96&d=mm&r=g","caption":"melissa"}}]}},"_links":{"self":[{"href":"https:\/\/hotel-gaedi.ch\/en\/wp-json\/wp\/v2\/posts\/3600","targetHints":{"allow":["GET"]}}],"collection":[{"href":"https:\/\/hotel-gaedi.ch\/en\/wp-json\/wp\/v2\/posts"}],"about":[{"href":"https:\/\/hotel-gaedi.ch\/en\/wp-json\/wp\/v2\/types\/post"}],"author":[{"embeddable":true,"href":"https:\/\/hotel-gaedi.ch\/en\/wp-json\/wp\/v2\/users\/2"}],"replies":[{"embeddable":true,"href":"https:\/\/hotel-gaedi.ch\/en\/wp-json\/wp\/v2\/comments?post=3600"}],"version-history":[{"count":3,"href":"https:\/\/hotel-gaedi.ch\/en\/wp-json\/wp\/v2\/posts\/3600\/revisions"}],"predecessor-version":[{"id":3603,"href":"https:\/\/hotel-gaedi.ch\/en\/wp-json\/wp\/v2\/posts\/3600\/revisions\/3603"}],"wp:featuredmedia":[{"embeddable":true,"href":"https:\/\/hotel-gaedi.ch\/en\/wp-json\/wp\/v2\/media\/2975"}],"wp:attachment":[{"href":"https:\/\/hotel-gaedi.ch\/en\/wp-json\/wp\/v2\/media?parent=3600"}],"wp:term":[{"taxonomy":"category","embeddable":true,"href":"https:\/\/hotel-gaedi.ch\/en\/wp-json\/wp\/v2\/categories?post=3600"},{"taxonomy":"post_tag","embeddable":true,"href":"https:\/\/hotel-gaedi.ch\/en\/wp-json\/wp\/v2\/tags?post=3600"}],"curies":[{"name":"wp","href":"https:\/\/api.w.org\/{rel}","templated":true}]}}