{"id":3548,"date":"2022-10-09T12:13:00","date_gmt":"2022-10-09T10:13:00","guid":{"rendered":"https:\/\/hotel-gaedi.ch\/2022\/10\/09\/graechen-est-le-plus-grand-domaine-de-vtt-du-valais\/"},"modified":"2022-12-23T09:54:50","modified_gmt":"2022-12-23T08:54:50","slug":"graechen-est-le-plus-grand-domaine-de-vtt-du-valais","status":"publish","type":"post","link":"https:\/\/hotel-gaedi.ch\/fr\/2022\/10\/09\/graechen-est-le-plus-grand-domaine-de-vtt-du-valais\/","title":{"rendered":"Gr\u00e4chen est le plus grand domaine de VTT du Valais"},"content":{"rendered":"\n<div class=\"wp-block-group container section-blog-detail-content\"><div class=\"wp-block-group__inner-container is-layout-flow wp-block-group-is-layout-flow\">\n<div class=\"wp-block-columns row is-layout-flex wp-container-core-columns-is-layout-9d6595d7 wp-block-columns-is-layout-flex\">\n<div class=\"wp-block-column col-12 is-layout-flow wp-block-column-is-layout-flow\">\n<figure class=\"wp-block-image size-full\"><img loading=\"lazy\" decoding=\"async\" width=\"535\" height=\"355\" src=\"https:\/\/hotel-gaedi.ch\/wp-content\/uploads\/2022\/10\/graechen-bike-haengebruecke-europaweg-1.jpg\" alt=\"\" class=\"wp-image-1472\" srcset=\"https:\/\/hotel-gaedi.ch\/wp-content\/uploads\/2022\/10\/graechen-bike-haengebruecke-europaweg-1.jpg 535w, https:\/\/hotel-gaedi.ch\/wp-content\/uploads\/2022\/10\/graechen-bike-haengebruecke-europaweg-1-500x332.jpg 500w\" sizes=\"auto, (max-width: 535px) 100vw, 535px\" \/><\/figure>\n\n\n<h1 class=\"wp-block-heading\">Gr\u00e4chen est le plus grand domaine de VTT du Valais<\/h1>\n\n\n\n<p>Depuis 2019, la r\u00e9gion VTT Vi\u00e8ge &#8211; Saint-Nicolas &#8211; Gr\u00e4chen &#8211; Zermatt compte parmi les plus grandes du Valais. Et entre nous, c&rsquo;est aussi l&rsquo;une des plus belles. Le panorama de montagnes avec 14 sommets de plus de 4000 m\u00e8tres n&rsquo;a pas son pareil.<\/p>\n\n\n\n<h2 class=\"wp-block-heading\">Gr\u00e4chen, dans le plus grand domaine de VTT du Valais<\/h2>\n\n\n\n<p>En mont\u00e9e et en descente, pour le plus grand plaisir de tous les cyclistes. Gr\u00e4chen est situ\u00e9 dans le Valais, \u00e0 1600 m\u00e8tres d&rsquo;altitude. Nous sommes heureux de constater que le Valais, et donc Gr\u00e4chen, est le lieu le plus ensoleill\u00e9 de Suisse. Gr\u00e2ce \u00e0 sa situation sur le haut plateau entre le Mattertal et le Saastal, les nuages ne parviennent souvent pas jusqu&rsquo;\u00e0 nous et Gr\u00e4chen ne se laisse donc pas faire au printemps, en \u00e9t\u00e9, en automne et en hiver avec 299 jours de soleil.  <\/p>\n\n\n\n<h2 class=\"wp-block-heading\">Flowtrails, boucles familiales, enduro et descente &#8211; la diversit\u00e9 du VTT dans tous les sens du terme<\/h2>\n\n\n\n<p>Le r\u00e9seau de pistes s&rsquo;\u00e9tend sur 310 kilom\u00e8tres et se compose de flowtrails, c&rsquo;est-\u00e0-dire de pistes de VTT sur lesquelles il est possible de rouler de mani\u00e8re fluide sur toute la longueur. Family-Loops, moins de 10 km, en partie avec des sections de trail, route am\u00e9nag\u00e9e ou chemin de terre. Parcours d&rsquo;enduro moyen et difficile, c&rsquo;est-\u00e0-dire des chemins qui montent et qui descendent. Des itin\u00e9raires de descente que vous pouvez atteindre avec notre t\u00e9l\u00e9cabine pour d\u00e9valer \u00e0 toute vitesse, et bien s\u00fbr des singletrails \u00e9troits \u00e0 parcourir l&rsquo;un derri\u00e8re l&rsquo;autre ou seul.<\/p>\n\n\n\n<p>Des tours de plusieurs jours sont possibles, tout comme des itin\u00e9raires individuels d&rsquo;une journ\u00e9e ou de courtes sorties, selon votre choix. Vous trouverez <a href=\"https:\/\/www.graechen.ch\/Sommer-Herbst-erleben\/Aktiv-im-Sommer\/Bike-Paradies\" target=\"_blank\" rel=\"noreferrer noopener\">ici<\/a> des conseils et de l&rsquo;aide pour planifier votre itin\u00e9raire.<\/p>\n\n\n\n<p>Que vous fassiez du v\u00e9lo seul, avec des amis ou avec toute la famille, notre h\u00f4tel G\u00e4di dispose de chambres et de suites de taille adapt\u00e9e.<\/p>\n\n\n\n<h2 class=\"wp-block-heading\">Vacances en famille et vacances actives \u00e0 l&rsquo;h\u00f4tel<\/h2>\n\n\n\n<p>Gr\u00e4chen se distingue comme une destination familiale, et il n&rsquo;est donc pas surprenant que parmi les 25 diff\u00e9rents tours de v\u00e9lo, il y ait \u00e9galement un \u00ab\u00a0Gr\u00e4chen Little Family Bike Tour\u00a0\u00bb, long de 4,8 km, avec 150 m\u00e8tres de d\u00e9nivel\u00e9 et une dur\u00e9e d&rsquo;environ 30 minutes.<\/p>\n\n\n\n<p>Au total, il y a 6 parcours adapt\u00e9s aux tout-petits, qui permettent de varier les plaisirs en plus des nombreuses activit\u00e9s propos\u00e9es aux enfants dans la station familiale. Comme vous pouvez le constater, Gr\u00e4chen est particuli\u00e8rement adapt\u00e9 aux vacances actives et ce, pour les jeunes et les moins jeunes.<\/p>\n\n\n\n<h2 class=\"wp-block-heading\">Faire du v\u00e9lo comme les pros<\/h2>\n\n\n\n<p>Mais Gr\u00e4chen ne serait pas consid\u00e9r\u00e9 comme le nouveau hotspot du v\u00e9lo s&rsquo;il n&rsquo;y avait pas aussi un parcours ultra. En 2019, il s&rsquo;agissait du \u00ab\u00a0parcours du championnat du monde de VTT marathon\u00a0\u00bb, avec 93,7 kilom\u00e8tres et 4000 m\u00e8tres de d\u00e9nivel\u00e9. Les hommes ont r\u00e9alis\u00e9 ce parcours en 4h30 environ, les femmes ont parcouru les 70 km en un peu moins de 4 heures. Acceptez-vous le d\u00e9fi ?<\/p>\n\n\n\n<p>Au total, il y a 5 \u00e9tapes de plus de 50 km, qui peuvent donc \u00eatre consid\u00e9r\u00e9es comme des randonn\u00e9es d&rsquo;une journ\u00e9e. Dans ce sens, \u00ab\u00a0pas de piti\u00e9 pour le mollet\u00a0\u00bb.<br\/><\/p>\n\n\n\n<h2 class=\"wp-block-heading\">Nouvel itin\u00e9raire de flowtrail pr\u00e9vu<\/h2>\n\n\n\n<p>Un nouveau flowtrail est pr\u00e9vu pour l&rsquo;automne 2020, il devrait convenir aux v\u00e9t\u00e9tistes amateurs et professionnels. Le tron\u00e7on de 4 km est plut\u00f4t une \u00e9tape suppl\u00e9mentaire par rapport aux chemins existants. Le parcours va de Hannigalp \u00e0 Gr\u00e4chen et doit donner la sensation de montagnes russes gr\u00e2ce \u00e0 sa construction avec des reliefs ext\u00e9rieurs de virages et des vagues.<\/p>\n\n\n\n<h2 class=\"wp-block-heading\">Services pour les cyclistes et les v\u00e9t\u00e9tistes \u00e0 l&rsquo;h\u00f4tel G\u00e4di<\/h2>\n\n\n\n<p>Ce qui fait une r\u00e9gion de VTT, ce ne sont pas seulement les nombreux sentiers, mais aussi le service offert au v\u00e9lo et au cycliste. Le Bike Hotel G\u00e4di propose un local \u00e0 v\u00e9los fermant \u00e0 cl\u00e9 dans l&rsquo;\u00e9tablissement. Une aire de lavage \u00e0 c\u00f4t\u00e9 de la maison pour effacer toutes les traces, ainsi que des outils.<\/p>\n\n\n\n<p>Pour votre bien-\u00eatre personnel, nous avons de quoi vous satisfaire. En plus d&rsquo;un petit d\u00e9jeuner buffet riche et vari\u00e9, nous proposons \u00e9galement un service de blanchisserie pour vos v\u00eatements de v\u00e9lo.<\/p>\n\n\n\n<p>Et le meilleur&#8230;<\/p>\n\n\n\n<h2 class=\"wp-block-heading\">H\u00f4tel bien-\u00eatre \u00e0 Gr\u00e4chen<\/h2>\n\n\n\n<p>Que vous souhaitiez vous d\u00e9tendre apr\u00e8s une journ\u00e9e intense avec vos chers petits ou apr\u00e8s une longue randonn\u00e9e \u00e0 v\u00e9lo, le jacuzzi, le sauna et le vitarium vous aideront certainement \u00e0 vous r\u00e9g\u00e9n\u00e9rer. Notre espace bien-\u00eatre a \u00e9t\u00e9 enti\u00e8rement r\u00e9nov\u00e9 en 2016.<\/p>\n\n\n\n<h2 class=\"wp-block-heading\">Conseils de professionnels pour des vacances actives<\/h2>\n\n\n\n<p>Vous cherchez des itin\u00e9raires, vous avez besoin de conseils sur les parcours, votre v\u00e9lo est endommag\u00e9 ou vous souhaitez en louer un ? C&rsquo;est \u00e9galement possible chez nous \u00e0 Gr\u00e4chen, nous avons un Bike Shop \u00e0 1 minute de v\u00e9lo de l&rsquo;h\u00f4tel. Le propri\u00e9taire peut vous donner des r\u00e9ponses comp\u00e9tentes \u00e0 vos questions.<\/p>\n\n\n\n<p>Et encore un conseil de notre part. Il est \u00e9galement possible de faire du v\u00e9lo en hiver. Rouler en fatbike sur les chemins enneig\u00e9s de l&rsquo;hiver ou faire des d\u00e9tours dans la poudreuse. Est-ce que cela vous conviendrait ? Cette exp\u00e9rience unique est \u00e9galement possible dans notre paisible station et constitue un changement pour vos vacances de ski en hiver.<\/p>\n\n\n\n<p>Le Valais n&rsquo;est pas seulement synonyme de plaisirs parfaits en v\u00e9lo, mais aussi d&rsquo;hospitalit\u00e9 et de vacances avec le c\u0153ur. Dans ce sens, celui qui freine plus tard est rapide plus longtemps &#8211; ou good rides !<\/p>\n\n\n\n<p>Descriptions d\u00e9taill\u00e9es des parcours sur : <a href=\"https:\/\/www.outdooractive.com\/de\/routes\/#area=1031981&amp;bm=osm%3Asummer&amp;cat=Mountainbike&amp;filter=r-fullyTranslatedLangus-de,sb-sortedBy-0&amp;view=list&amp;wt=Gr%C3%A4chen&amp;zc=13,7.84562,46.19694\" target=\"_blank\" rel=\"noreferrer noopener\">outdooractive.com<\/a><\/p>\n<\/div>\n<\/div>\n<\/div><\/div>\n\n<div class=\"wp-block-group container custom-posttype-filtered-list\"><div class=\"wp-block-group__inner-container is-layout-flow wp-block-group-is-layout-flow\">\n<div class=\"wp-block-columns row is-layout-flex wp-container-core-columns-is-layout-9d6595d7 wp-block-columns-is-layout-flex\">\n<div class=\"wp-block-column col-12 is-layout-flow wp-block-column-is-layout-flow\">\n<h2 class=\"wp-block-heading\">Voir plus d&rsquo;articles<\/h2>\n<\/div>\n<\/div>\n\n\n\n<div class=\"wp-block-columns row is-layout-flex wp-container-core-columns-is-layout-9d6595d7 wp-block-columns-is-layout-flex\">\n<div class=\"wp-block-column col-12 carousel slide is-layout-flow wp-block-column-is-layout-flow\" id=\"moreBlogposts\" data-bs-interval=\"false\" data-bs-ride=\"carousel\" data-perSlideItems=\"3\">\n<div class=\"wp-block-query carousel-inner is-layout-flow wp-block-query-is-layout-flow\" role=\"listbox\"><ul class=\"wp-block-post-template is-layout-flow wp-block-post-template-is-layout-flow\"><li class=\"wp-block-post post-4064 post type-post status-publish format-standard has-post-thumbnail hentry category-gaedi-insider-infos-fr\">\n\n<div class=\"wp-block-group\"><div class=\"wp-block-group__inner-container is-layout-flow wp-block-group-is-layout-flow\"><figure class=\"wp-block-post-featured-image\"><a href=\"https:\/\/hotel-gaedi.ch\/fr\/2023\/11\/29\/celui-qui-commence-la-journee-avec-le-sourire-a-deja-gagne\/\" target=\"_self\"  ><img loading=\"lazy\" decoding=\"async\" width=\"1780\" height=\"1187\" src=\"https:\/\/hotel-gaedi.ch\/wp-content\/uploads\/2023\/11\/beste-winter-hotels-2023.jpg\" class=\"attachment-post-thumbnail size-post-thumbnail wp-post-image\" alt=\"Celui qui commence la journ\u00e9e avec le sourire&#8230; a d\u00e9j\u00e0 gagn\u00e9\" style=\"object-fit:cover;\" srcset=\"https:\/\/hotel-gaedi.ch\/wp-content\/uploads\/2023\/11\/beste-winter-hotels-2023.jpg 1780w, https:\/\/hotel-gaedi.ch\/wp-content\/uploads\/2023\/11\/beste-winter-hotels-2023-500x333.jpg 500w, https:\/\/hotel-gaedi.ch\/wp-content\/uploads\/2023\/11\/beste-winter-hotels-2023-1024x683.jpg 1024w, https:\/\/hotel-gaedi.ch\/wp-content\/uploads\/2023\/11\/beste-winter-hotels-2023-768x512.jpg 768w, https:\/\/hotel-gaedi.ch\/wp-content\/uploads\/2023\/11\/beste-winter-hotels-2023-1536x1024.jpg 1536w\" sizes=\"auto, (max-width: 1780px) 100vw, 1780px\" \/><\/a><\/figure>\n\n<h4 class=\"wp-block-post-title\">Celui qui commence la journ\u00e9e avec le sourire&#8230; a d\u00e9j\u00e0 gagn\u00e9<\/h4>\n\n<div class=\"wp-block-post-excerpt\"><p class=\"wp-block-post-excerpt__excerpt\">Le c\u00e9l\u00e8bre classement des h\u00f4tels de Karl Wild nous a d\u00e9sign\u00e9s comme l&rsquo;un des 25 meilleurs h\u00f4tels d&rsquo;hiver 3 \u00e9toiles de Suisse. <\/p><\/div><\/div><\/div>\n\n<\/li><li class=\"wp-block-post post-3534 post type-post status-publish format-standard has-post-thumbnail hentry category-gaedi-insider-infos-fr\">\n\n<div class=\"wp-block-group\"><div class=\"wp-block-group__inner-container is-layout-flow wp-block-group-is-layout-flow\"><figure class=\"wp-block-post-featured-image\"><a href=\"https:\/\/hotel-gaedi.ch\/fr\/2022\/12\/21\/hotel-gaedi-graechen-un-des-meilleurs-hotels-dhiver-de-suisse\/\" target=\"_self\"  ><img loading=\"lazy\" decoding=\"async\" width=\"1780\" height=\"1187\" src=\"https:\/\/hotel-gaedi.ch\/wp-content\/uploads\/2022\/12\/beste-winter-hotels.jpg\" class=\"attachment-post-thumbnail size-post-thumbnail wp-post-image\" alt=\"H\u00f4tel G\u00e4di Gr\u00e4chen &#8211; Un des meilleurs h\u00f4tels d&rsquo;hiver de Suisse\" style=\"object-fit:cover;\" srcset=\"https:\/\/hotel-gaedi.ch\/wp-content\/uploads\/2022\/12\/beste-winter-hotels.jpg 1780w, https:\/\/hotel-gaedi.ch\/wp-content\/uploads\/2022\/12\/beste-winter-hotels-500x333.jpg 500w, https:\/\/hotel-gaedi.ch\/wp-content\/uploads\/2022\/12\/beste-winter-hotels-1024x683.jpg 1024w, https:\/\/hotel-gaedi.ch\/wp-content\/uploads\/2022\/12\/beste-winter-hotels-768x512.jpg 768w, https:\/\/hotel-gaedi.ch\/wp-content\/uploads\/2022\/12\/beste-winter-hotels-1536x1024.jpg 1536w\" sizes=\"auto, (max-width: 1780px) 100vw, 1780px\" \/><\/a><\/figure>\n\n<h4 class=\"wp-block-post-title\">H\u00f4tel G\u00e4di Gr\u00e4chen &#8211; Un des meilleurs h\u00f4tels d&rsquo;hiver de Suisse<\/h4>\n\n<div class=\"wp-block-post-excerpt\"><p class=\"wp-block-post-excerpt__excerpt\">Le c\u00e9l\u00e8bre classement des h\u00f4tels de Karl Wild nous a d\u00e9sign\u00e9s comme l&rsquo;un des 25 meilleurs h\u00f4tels d&rsquo;hiver 3 \u00e9toiles de Suisse. <\/p><\/div><\/div><\/div>\n\n<\/li><li class=\"wp-block-post post-3540 post type-post status-publish format-standard has-post-thumbnail hentry category-gaedi-insider-infos-fr\">\n\n<div class=\"wp-block-group\"><div class=\"wp-block-group__inner-container is-layout-flow wp-block-group-is-layout-flow\"><figure class=\"wp-block-post-featured-image\"><a href=\"https:\/\/hotel-gaedi.ch\/fr\/2022\/12\/16\/gaedi-fait-partie-des-meilleurs-hotels-3-etoiles-de-suisse\/\" target=\"_self\"  ><img loading=\"lazy\" decoding=\"async\" width=\"1780\" height=\"1187\" src=\"https:\/\/hotel-gaedi.ch\/wp-content\/uploads\/2022\/12\/hotel-gaedi-best-3-star.jpg\" class=\"attachment-post-thumbnail size-post-thumbnail wp-post-image\" alt=\"G\u00e4di fait partie des meilleurs h\u00f4tels 3 \u00e9toiles de Suisse\" style=\"object-fit:cover;\" srcset=\"https:\/\/hotel-gaedi.ch\/wp-content\/uploads\/2022\/12\/hotel-gaedi-best-3-star.jpg 1780w, https:\/\/hotel-gaedi.ch\/wp-content\/uploads\/2022\/12\/hotel-gaedi-best-3-star-500x333.jpg 500w, https:\/\/hotel-gaedi.ch\/wp-content\/uploads\/2022\/12\/hotel-gaedi-best-3-star-1024x683.jpg 1024w, https:\/\/hotel-gaedi.ch\/wp-content\/uploads\/2022\/12\/hotel-gaedi-best-3-star-768x512.jpg 768w, https:\/\/hotel-gaedi.ch\/wp-content\/uploads\/2022\/12\/hotel-gaedi-best-3-star-1536x1024.jpg 1536w\" sizes=\"auto, (max-width: 1780px) 100vw, 1780px\" \/><\/a><\/figure>\n\n<h4 class=\"wp-block-post-title\">G\u00e4di fait partie des meilleurs h\u00f4tels 3 \u00e9toiles de Suisse<\/h4>\n\n<div class=\"wp-block-post-excerpt\"><p class=\"wp-block-post-excerpt__excerpt\">Nous faisons partie des Best3Star Hotels of Switzerland. Nous sommes extr\u00eamement fiers de notre \u00e9quipe et nous la remercions du fond du c\u0153ur pour tout ! <\/p><\/div><\/div><\/div>\n\n<\/li><li class=\"wp-block-post post-3548 post type-post status-publish format-standard has-post-thumbnail hentry category-conseils-et-activites category-non-classifiee\">\n\n<div class=\"wp-block-group\"><div class=\"wp-block-group__inner-container is-layout-flow wp-block-group-is-layout-flow\"><figure class=\"wp-block-post-featured-image\"><a href=\"https:\/\/hotel-gaedi.ch\/fr\/2022\/10\/09\/graechen-est-le-plus-grand-domaine-de-vtt-du-valais\/\" target=\"_self\"  ><img loading=\"lazy\" decoding=\"async\" width=\"535\" height=\"355\" src=\"https:\/\/hotel-gaedi.ch\/wp-content\/uploads\/2022\/10\/graechen-bike-haengebruecke-europaweg.jpg\" class=\"attachment-post-thumbnail size-post-thumbnail wp-post-image\" alt=\"Gr\u00e4chen est le plus grand domaine de VTT du Valais\" style=\"object-fit:cover;\" srcset=\"https:\/\/hotel-gaedi.ch\/wp-content\/uploads\/2022\/10\/graechen-bike-haengebruecke-europaweg.jpg 535w, https:\/\/hotel-gaedi.ch\/wp-content\/uploads\/2022\/10\/graechen-bike-haengebruecke-europaweg-500x332.jpg 500w\" sizes=\"auto, (max-width: 535px) 100vw, 535px\" \/><\/a><\/figure>\n\n<h4 class=\"wp-block-post-title\">Gr\u00e4chen est le plus grand domaine de VTT du Valais<\/h4>\n\n<div class=\"wp-block-post-excerpt\"><p class=\"wp-block-post-excerpt__excerpt\">Nos circuits en VTT s&rsquo;\u00e9tendent de 660 m d&rsquo;altitude jusqu&rsquo;au sommet de la montagne. M. \u00e0 2450 m d&rsquo;altitude M. Ensoleill\u00e9 et vari\u00e9. <\/p><\/div><\/div><\/div>\n\n<\/li><li class=\"wp-block-post post-3556 post type-post status-publish format-standard has-post-thumbnail hentry category-gaedi-insider-infos-fr category-non-classifiee\">\n\n<div class=\"wp-block-group\"><div class=\"wp-block-group__inner-container is-layout-flow wp-block-group-is-layout-flow\"><figure class=\"wp-block-post-featured-image\"><a href=\"https:\/\/hotel-gaedi.ch\/fr\/2022\/10\/09\/la-cuisine-est-laffaire-du-chef\/\" target=\"_self\"  ><img loading=\"lazy\" decoding=\"async\" width=\"535\" height=\"357\" src=\"https:\/\/hotel-gaedi.ch\/wp-content\/uploads\/2022\/09\/martin-brigger-koch-hotel-gaedi-graechen-gross.jpg\" class=\"attachment-post-thumbnail size-post-thumbnail wp-post-image\" alt=\"La cuisine est l&rsquo;affaire du chef\" style=\"object-fit:cover;\" srcset=\"https:\/\/hotel-gaedi.ch\/wp-content\/uploads\/2022\/09\/martin-brigger-koch-hotel-gaedi-graechen-gross.jpg 535w, https:\/\/hotel-gaedi.ch\/wp-content\/uploads\/2022\/09\/martin-brigger-koch-hotel-gaedi-graechen-gross-500x334.jpg 500w\" sizes=\"auto, (max-width: 535px) 100vw, 535px\" \/><\/a><\/figure>\n\n<h4 class=\"wp-block-post-title\">La cuisine est l&rsquo;affaire du chef<\/h4>\n\n<div class=\"wp-block-post-excerpt\"><p class=\"wp-block-post-excerpt__excerpt\">Croquant, frais et cuisin\u00e9 avec beaucoup d&rsquo;amour. <\/p><\/div><\/div><\/div>\n\n<\/li><li class=\"wp-block-post post-3564 post type-post status-publish format-standard has-post-thumbnail hentry category-gaedi-insider-infos-fr category-non-classifiee\">\n\n<div class=\"wp-block-group\"><div class=\"wp-block-group__inner-container is-layout-flow wp-block-group-is-layout-flow\"><figure class=\"wp-block-post-featured-image\"><a href=\"https:\/\/hotel-gaedi.ch\/fr\/2022\/10\/09\/lhotel-alpin-le-plus-populaire\/\" target=\"_self\"  ><img loading=\"lazy\" decoding=\"async\" width=\"535\" height=\"355\" src=\"https:\/\/hotel-gaedi.ch\/wp-content\/uploads\/2022\/10\/winter-award-2018-gross.jpg\" class=\"attachment-post-thumbnail size-post-thumbnail wp-post-image\" alt=\"L&rsquo;h\u00f4tel alpin le plus populaire\" style=\"object-fit:cover;\" srcset=\"https:\/\/hotel-gaedi.ch\/wp-content\/uploads\/2022\/10\/winter-award-2018-gross.jpg 535w, https:\/\/hotel-gaedi.ch\/wp-content\/uploads\/2022\/10\/winter-award-2018-gross-500x332.jpg 500w\" sizes=\"auto, (max-width: 535px) 100vw, 535px\" \/><\/a><\/figure>\n\n<h4 class=\"wp-block-post-title\">L&rsquo;h\u00f4tel alpin le plus populaire<\/h4>\n\n<div class=\"wp-block-post-excerpt\"><p class=\"wp-block-post-excerpt__excerpt\">Le 26 avril 2018, la 23e c\u00e9r\u00e9monie de remise des Winter Awards s&rsquo;est d\u00e9roul\u00e9e au lac Achensee, dans le Tyrol. <\/p><\/div><\/div><\/div>\n\n<\/li><li class=\"wp-block-post post-3580 post type-post status-publish format-standard has-post-thumbnail hentry category-conseils-et-activites category-non-classifiee\">\n\n<div class=\"wp-block-group\"><div class=\"wp-block-group__inner-container is-layout-flow wp-block-group-is-layout-flow\"><figure class=\"wp-block-post-featured-image\"><a href=\"https:\/\/hotel-gaedi.ch\/fr\/2022\/10\/09\/biketrails\/\" target=\"_self\"  ><img loading=\"lazy\" decoding=\"async\" width=\"535\" height=\"357\" src=\"https:\/\/hotel-gaedi.ch\/wp-content\/uploads\/2022\/10\/biketrails-graechen.jpg\" class=\"attachment-post-thumbnail size-post-thumbnail wp-post-image\" alt=\"Biketrails\" style=\"object-fit:cover;\" srcset=\"https:\/\/hotel-gaedi.ch\/wp-content\/uploads\/2022\/10\/biketrails-graechen.jpg 535w, https:\/\/hotel-gaedi.ch\/wp-content\/uploads\/2022\/10\/biketrails-graechen-500x334.jpg 500w\" sizes=\"auto, (max-width: 535px) 100vw, 535px\" \/><\/a><\/figure>\n\n<h4 class=\"wp-block-post-title\">Biketrails<\/h4>\n\n<div class=\"wp-block-post-excerpt\"><p class=\"wp-block-post-excerpt__excerpt\">\u00c0 tous les motards passionn\u00e9s et \u00e0 ceux qui veulent le devenir ! <\/p><\/div><\/div><\/div>\n\n<\/li><li class=\"wp-block-post post-3588 post type-post status-publish format-standard has-post-thumbnail hentry category-conseils-et-activites category-non-classifiee\">\n\n<div class=\"wp-block-group\"><div class=\"wp-block-group__inner-container is-layout-flow wp-block-group-is-layout-flow\"><figure class=\"wp-block-post-featured-image\"><a href=\"https:\/\/hotel-gaedi.ch\/fr\/2022\/10\/09\/randonnees-hivernales\/\" target=\"_self\"  ><img loading=\"lazy\" decoding=\"async\" width=\"535\" height=\"357\" src=\"https:\/\/hotel-gaedi.ch\/wp-content\/uploads\/2022\/10\/winterwanderweg-graechen-gross.jpg\" class=\"attachment-post-thumbnail size-post-thumbnail wp-post-image\" alt=\"Randonn\u00e9es hivernales\" style=\"object-fit:cover;\" srcset=\"https:\/\/hotel-gaedi.ch\/wp-content\/uploads\/2022\/10\/winterwanderweg-graechen-gross.jpg 535w, https:\/\/hotel-gaedi.ch\/wp-content\/uploads\/2022\/10\/winterwanderweg-graechen-gross-500x334.jpg 500w\" sizes=\"auto, (max-width: 535px) 100vw, 535px\" \/><\/a><\/figure>\n\n<h4 class=\"wp-block-post-title\">Randonn\u00e9es hivernales<\/h4>\n\n<div class=\"wp-block-post-excerpt\"><p class=\"wp-block-post-excerpt__excerpt\">Gr\u00e4chen offre des randonn\u00e9es hivernales vari\u00e9es et magnifiques. <\/p><\/div><\/div><\/div>\n\n<\/li><li class=\"wp-block-post post-3596 post type-post status-publish format-standard has-post-thumbnail hentry category-gaedi-insider-infos-fr category-non-classifiee\">\n\n<div class=\"wp-block-group\"><div class=\"wp-block-group__inner-container is-layout-flow wp-block-group-is-layout-flow\"><figure class=\"wp-block-post-featured-image\"><a href=\"https:\/\/hotel-gaedi.ch\/fr\/2022\/10\/09\/hue-hue-hue-1ere-place\/\" target=\"_self\"  ><img loading=\"lazy\" decoding=\"async\" width=\"535\" height=\"355\" src=\"https:\/\/hotel-gaedi.ch\/wp-content\/uploads\/2022\/10\/prix-bienvenu-2017-hotel-gaedi-graechen-gross.jpg\" class=\"attachment-post-thumbnail size-post-thumbnail wp-post-image\" alt=\"Hue, hue, hue ! 1\u00e8re place\" style=\"object-fit:cover;\" srcset=\"https:\/\/hotel-gaedi.ch\/wp-content\/uploads\/2022\/10\/prix-bienvenu-2017-hotel-gaedi-graechen-gross.jpg 535w, https:\/\/hotel-gaedi.ch\/wp-content\/uploads\/2022\/10\/prix-bienvenu-2017-hotel-gaedi-graechen-gross-500x332.jpg 500w\" sizes=\"auto, (max-width: 535px) 100vw, 535px\" \/><\/a><\/figure>\n\n<h4 class=\"wp-block-post-title\">Hue, hue, hue ! 1\u00e8re place<\/h4>\n\n<div class=\"wp-block-post-excerpt\"><p class=\"wp-block-post-excerpt__excerpt\">R\u00e9trospective 2017 : lorsque Suisse Tourisme nous a appel\u00e9s pour nous annoncer que nous \u00e9tions nomin\u00e9s dans la cat\u00e9gorie \u00ab\u00a0petits et raffin\u00e9s\u00a0\u00bb des h\u00f4tels les plus accueillants de Suisse en 2017, nous \u00e9tions fous de joie ! <\/p><\/div><\/div><\/div>\n\n<\/li><li class=\"wp-block-post post-3604 post type-post status-publish format-standard has-post-thumbnail hentry category-conseils-et-activites category-non-classifiee\">\n\n<div class=\"wp-block-group\"><div class=\"wp-block-group__inner-container is-layout-flow wp-block-group-is-layout-flow\"><figure class=\"wp-block-post-featured-image\"><a href=\"https:\/\/hotel-gaedi.ch\/fr\/2022\/10\/09\/nouveau-pont-suspendu-sur-leuropaweg\/\" target=\"_self\"  ><img loading=\"lazy\" decoding=\"async\" width=\"535\" height=\"357\" src=\"https:\/\/hotel-gaedi.ch\/wp-content\/uploads\/2022\/10\/europabruecke-graechen-zermatt-randa.jpg\" class=\"attachment-post-thumbnail size-post-thumbnail wp-post-image\" alt=\"Nouveau pont suspendu sur l&rsquo;Europaweg\" style=\"object-fit:cover;\" srcset=\"https:\/\/hotel-gaedi.ch\/wp-content\/uploads\/2022\/10\/europabruecke-graechen-zermatt-randa.jpg 535w, https:\/\/hotel-gaedi.ch\/wp-content\/uploads\/2022\/10\/europabruecke-graechen-zermatt-randa-500x334.jpg 500w\" sizes=\"auto, (max-width: 535px) 100vw, 535px\" \/><\/a><\/figure>\n\n<h4 class=\"wp-block-post-title\">Nouveau pont suspendu sur l&rsquo;Europaweg<\/h4>\n\n<div class=\"wp-block-post-excerpt\"><p class=\"wp-block-post-excerpt__excerpt\">\u00c9poustouflant &#8211; Captivant &#8211; Imposant <\/p><\/div><\/div><\/div>\n\n<\/li><li class=\"wp-block-post post-3612 post type-post status-publish format-standard has-post-thumbnail hentry category-conseils-et-activites category-non-classifiee\">\n\n<div class=\"wp-block-group\"><div class=\"wp-block-group__inner-container is-layout-flow wp-block-group-is-layout-flow\"><figure class=\"wp-block-post-featured-image\"><a href=\"https:\/\/hotel-gaedi.ch\/fr\/2022\/10\/09\/bisses-conduites-deau\/\" target=\"_self\"  ><img loading=\"lazy\" decoding=\"async\" width=\"535\" height=\"357\" src=\"https:\/\/hotel-gaedi.ch\/wp-content\/uploads\/2022\/10\/suonen-wasserleiten-graechen-gross.jpg\" class=\"attachment-post-thumbnail size-post-thumbnail wp-post-image\" alt=\"Bisses \/ Conduites d&rsquo;eau\" style=\"object-fit:cover;\" srcset=\"https:\/\/hotel-gaedi.ch\/wp-content\/uploads\/2022\/10\/suonen-wasserleiten-graechen-gross.jpg 535w, https:\/\/hotel-gaedi.ch\/wp-content\/uploads\/2022\/10\/suonen-wasserleiten-graechen-gross-500x334.jpg 500w\" sizes=\"auto, (max-width: 535px) 100vw, 535px\" \/><\/a><\/figure>\n\n<h4 class=\"wp-block-post-title\">Bisses \/ Conduites d&rsquo;eau<\/h4>\n\n<div class=\"wp-block-post-excerpt\"><p class=\"wp-block-post-excerpt__excerpt\">Un morceau d&rsquo;histoire de la montagne \u00e0 vivre ! <\/p><\/div><\/div><\/div>\n\n<\/li><li class=\"wp-block-post post-3620 post type-post status-publish format-standard has-post-thumbnail hentry category-conseils-et-activites category-non-classifiee\">\n\n<div class=\"wp-block-group\"><div class=\"wp-block-group__inner-container is-layout-flow wp-block-group-is-layout-flow\"><figure class=\"wp-block-post-featured-image\"><a href=\"https:\/\/hotel-gaedi.ch\/fr\/2022\/10\/09\/visite-guidee-du-village-de-graechen\/\" target=\"_self\"  ><img loading=\"lazy\" decoding=\"async\" width=\"535\" height=\"357\" src=\"https:\/\/hotel-gaedi.ch\/wp-content\/uploads\/2022\/10\/die-geschichte-der-hotel-dorfrundgang-graechen.jpg\" class=\"attachment-post-thumbnail size-post-thumbnail wp-post-image\" alt=\"Visite guid\u00e9e du village de Gr\u00e4chen\" style=\"object-fit:cover;\" srcset=\"https:\/\/hotel-gaedi.ch\/wp-content\/uploads\/2022\/10\/die-geschichte-der-hotel-dorfrundgang-graechen.jpg 535w, https:\/\/hotel-gaedi.ch\/wp-content\/uploads\/2022\/10\/die-geschichte-der-hotel-dorfrundgang-graechen-500x334.jpg 500w\" sizes=\"auto, (max-width: 535px) 100vw, 535px\" \/><\/a><\/figure>\n\n<h4 class=\"wp-block-post-title\">Visite guid\u00e9e du village de Gr\u00e4chen<\/h4>\n\n<div class=\"wp-block-post-excerpt\"><p class=\"wp-block-post-excerpt__excerpt\">Apprenez-en plus sur la destination de vacances tr\u00e8s pris\u00e9e de Gr\u00e4chen au cours de cette promenade accompagn\u00e9e. <\/p><\/div><\/div><\/div>\n\n<\/li><li class=\"wp-block-post post-3628 post type-post status-publish format-standard has-post-thumbnail hentry category-gaedi-insider-infos-fr category-non-classifiee\">\n\n<div class=\"wp-block-group\"><div class=\"wp-block-group__inner-container is-layout-flow wp-block-group-is-layout-flow\"><figure class=\"wp-block-post-featured-image\"><a href=\"https:\/\/hotel-gaedi.ch\/fr\/2022\/10\/09\/nous-sommes-tres-heureux\/\" target=\"_self\"  ><img loading=\"lazy\" decoding=\"async\" width=\"190\" height=\"127\" src=\"https:\/\/hotel-gaedi.ch\/wp-content\/uploads\/2022\/10\/holiday-check.jpg\" class=\"attachment-post-thumbnail size-post-thumbnail wp-post-image\" alt=\"Nous sommes tr\u00e8s heureux !\" style=\"object-fit:cover;\" \/><\/a><\/figure>\n\n<h4 class=\"wp-block-post-title\">Nous sommes tr\u00e8s heureux !<\/h4>\n\n<div class=\"wp-block-post-excerpt\"><p class=\"wp-block-post-excerpt__excerpt\">Notre \u00e9tablissement fait partie des h\u00f4tels tr\u00e8s bien not\u00e9s sur HolidayCheck. <\/p><\/div><\/div><\/div>\n\n<\/li><li class=\"wp-block-post post-3636 post type-post status-publish format-standard has-post-thumbnail hentry category-conseils-et-activites category-non-classifiee\">\n\n<div class=\"wp-block-group\"><div class=\"wp-block-group__inner-container is-layout-flow wp-block-group-is-layout-flow\"><figure class=\"wp-block-post-featured-image\"><a href=\"https:\/\/hotel-gaedi.ch\/fr\/2022\/10\/09\/vous-navez-pas-envie-de-skier\/\" target=\"_self\"  ><img loading=\"lazy\" decoding=\"async\" width=\"535\" height=\"357\" src=\"https:\/\/hotel-gaedi.ch\/wp-content\/uploads\/2022\/10\/natureisbahn-graechen-hotel-gaedi-gross.jpg\" class=\"attachment-post-thumbnail size-post-thumbnail wp-post-image\" alt=\"Vous n&rsquo;avez pas envie de skier ?\" style=\"object-fit:cover;\" srcset=\"https:\/\/hotel-gaedi.ch\/wp-content\/uploads\/2022\/10\/natureisbahn-graechen-hotel-gaedi-gross.jpg 535w, https:\/\/hotel-gaedi.ch\/wp-content\/uploads\/2022\/10\/natureisbahn-graechen-hotel-gaedi-gross-500x334.jpg 500w\" sizes=\"auto, (max-width: 535px) 100vw, 535px\" \/><\/a><\/figure>\n\n<h4 class=\"wp-block-post-title\">Vous n&rsquo;avez pas envie de skier ?<\/h4>\n\n<div class=\"wp-block-post-excerpt\"><p class=\"wp-block-post-excerpt__excerpt\">Alors la patinoire naturelle de Gr\u00e4chen est peut-\u00eatre faite pour vous ! <\/p><\/div><\/div><\/div>\n\n<\/li><li class=\"wp-block-post post-4706 post type-post status-publish format-standard has-post-thumbnail hentry category-gaedi-insider-infos-fr category-non-classifiee\">\n\n<div class=\"wp-block-group\"><div class=\"wp-block-group__inner-container is-layout-flow wp-block-group-is-layout-flow\"><figure class=\"wp-block-post-featured-image\"><a href=\"https:\/\/hotel-gaedi.ch\/fr\/2022\/10\/09\/prix-bienvenu-de-suisse-tourisme\/\" target=\"_self\"  ><img loading=\"lazy\" decoding=\"async\" width=\"535\" height=\"355\" src=\"https:\/\/hotel-gaedi.ch\/wp-content\/uploads\/2022\/10\/top-100-hotels.jpg\" class=\"attachment-post-thumbnail size-post-thumbnail wp-post-image\" alt=\"Prix Bienvenu de Suisse Tourisme\" style=\"object-fit:cover;\" srcset=\"https:\/\/hotel-gaedi.ch\/wp-content\/uploads\/2022\/10\/top-100-hotels.jpg 535w, https:\/\/hotel-gaedi.ch\/wp-content\/uploads\/2022\/10\/top-100-hotels-500x332.jpg 500w\" sizes=\"auto, (max-width: 535px) 100vw, 535px\" \/><\/a><\/figure>\n\n<h4 class=\"wp-block-post-title\">Prix Bienvenu de Suisse Tourisme<\/h4>\n\n<div class=\"wp-block-post-excerpt\"><p class=\"wp-block-post-excerpt__excerpt\">L&rsquo;h\u00f4tel G\u00e4di Gr\u00e4chen a d\u00e9j\u00e0 \u00e9t\u00e9 class\u00e9 plusieurs fois parmi les 100 h\u00f4tels les plus accueillants de Suisse ! <\/p><\/div><\/div><\/div>\n\n<\/li><\/ul>\n\n<\/div>\n<\/div>\n<\/div>\n<\/div><\/div>\n","protected":false},"excerpt":{"rendered":"<p>Nos circuits en VTT s&rsquo;\u00e9tendent de 660 m d&rsquo;altitude jusqu&rsquo;au sommet de la montagne. M. \u00e0 2450 m d&rsquo;altitude M. Ensoleill\u00e9 et vari\u00e9.<\/p>\n","protected":false},"author":2,"featured_media":2944,"comment_status":"closed","ping_status":"closed","sticky":false,"template":"","format":"standard","meta":{"_acf_changed":false,"inline_featured_image":false,"footnotes":""},"categories":[36,23],"tags":[],"class_list":["post-3548","post","type-post","status-publish","format-standard","has-post-thumbnail","hentry","category-conseils-et-activites","category-non-classifiee"],"acf":[],"yoast_head":"<!-- This site is optimized with the Yoast SEO plugin v27.5 - https:\/\/yoast.com\/product\/yoast-seo-wordpress\/ -->\n<title>Gr\u00e4chen est le plus grand domaine de VTT du Valais - Hotel G\u00e4di<\/title>\n<meta name=\"robots\" content=\"index, follow, max-snippet:-1, max-image-preview:large, max-video-preview:-1\" \/>\n<link rel=\"canonical\" href=\"https:\/\/hotel-gaedi.ch\/fr\/2022\/10\/09\/graechen-est-le-plus-grand-domaine-de-vtt-du-valais\/\" \/>\n<meta property=\"og:locale\" content=\"fr_FR\" \/>\n<meta property=\"og:type\" content=\"article\" \/>\n<meta property=\"og:title\" content=\"Gr\u00e4chen est le plus grand domaine de VTT du Valais - Hotel G\u00e4di\" \/>\n<meta property=\"og:description\" content=\"Nos circuits en VTT s&#039;\u00e9tendent de 660 m d&#039;altitude jusqu&#039;au sommet de la montagne. M. \u00e0 2450 m d&#039;altitude M. Ensoleill\u00e9 et vari\u00e9.\" \/>\n<meta property=\"og:url\" content=\"https:\/\/hotel-gaedi.ch\/fr\/2022\/10\/09\/graechen-est-le-plus-grand-domaine-de-vtt-du-valais\/\" \/>\n<meta property=\"og:site_name\" content=\"Hotel G\u00e4di\" \/>\n<meta property=\"article:published_time\" content=\"2022-10-09T10:13:00+00:00\" \/>\n<meta property=\"article:modified_time\" content=\"2022-12-23T08:54:50+00:00\" \/>\n<meta property=\"og:image\" content=\"https:\/\/hotel-gaedi.ch\/wp-content\/uploads\/2022\/10\/graechen-bike-haengebruecke-europaweg.jpg\" \/>\n\t<meta property=\"og:image:width\" content=\"535\" \/>\n\t<meta property=\"og:image:height\" content=\"355\" \/>\n\t<meta property=\"og:image:type\" content=\"image\/jpeg\" \/>\n<meta name=\"author\" content=\"melissa\" \/>\n<meta name=\"twitter:card\" content=\"summary_large_image\" \/>\n<meta name=\"twitter:label1\" content=\"\u00c9crit par\" \/>\n\t<meta name=\"twitter:data1\" content=\"melissa\" \/>\n\t<meta name=\"twitter:label2\" content=\"Dur\u00e9e de lecture estim\u00e9e\" \/>\n\t<meta name=\"twitter:data2\" content=\"5 minutes\" \/>\n<script type=\"application\/ld+json\" class=\"yoast-schema-graph\">{\"@context\":\"https:\\\/\\\/schema.org\",\"@graph\":[{\"@type\":\"Article\",\"@id\":\"https:\\\/\\\/hotel-gaedi.ch\\\/fr\\\/2022\\\/10\\\/09\\\/graechen-est-le-plus-grand-domaine-de-vtt-du-valais\\\/#article\",\"isPartOf\":{\"@id\":\"https:\\\/\\\/hotel-gaedi.ch\\\/fr\\\/2022\\\/10\\\/09\\\/graechen-est-le-plus-grand-domaine-de-vtt-du-valais\\\/\"},\"author\":{\"name\":\"melissa\",\"@id\":\"https:\\\/\\\/hotel-gaedi.ch\\\/#\\\/schema\\\/person\\\/edeb924d0e60b4c5e256b8a2dc2dbe7b\"},\"headline\":\"Gr\u00e4chen est le plus grand domaine de VTT du Valais\",\"datePublished\":\"2022-10-09T10:13:00+00:00\",\"dateModified\":\"2022-12-23T08:54:50+00:00\",\"mainEntityOfPage\":{\"@id\":\"https:\\\/\\\/hotel-gaedi.ch\\\/fr\\\/2022\\\/10\\\/09\\\/graechen-est-le-plus-grand-domaine-de-vtt-du-valais\\\/\"},\"wordCount\":1018,\"image\":{\"@id\":\"https:\\\/\\\/hotel-gaedi.ch\\\/fr\\\/2022\\\/10\\\/09\\\/graechen-est-le-plus-grand-domaine-de-vtt-du-valais\\\/#primaryimage\"},\"thumbnailUrl\":\"https:\\\/\\\/hotel-gaedi.ch\\\/wp-content\\\/uploads\\\/2022\\\/10\\\/graechen-bike-haengebruecke-europaweg.jpg\",\"articleSection\":[\"Conseils et activit\u00e9s\",\"Non classifi\u00e9(e)\"],\"inLanguage\":\"fr-FR\"},{\"@type\":\"WebPage\",\"@id\":\"https:\\\/\\\/hotel-gaedi.ch\\\/fr\\\/2022\\\/10\\\/09\\\/graechen-est-le-plus-grand-domaine-de-vtt-du-valais\\\/\",\"url\":\"https:\\\/\\\/hotel-gaedi.ch\\\/fr\\\/2022\\\/10\\\/09\\\/graechen-est-le-plus-grand-domaine-de-vtt-du-valais\\\/\",\"name\":\"Gr\u00e4chen est le plus grand domaine de VTT du Valais - Hotel G\u00e4di\",\"isPartOf\":{\"@id\":\"https:\\\/\\\/hotel-gaedi.ch\\\/#website\"},\"primaryImageOfPage\":{\"@id\":\"https:\\\/\\\/hotel-gaedi.ch\\\/fr\\\/2022\\\/10\\\/09\\\/graechen-est-le-plus-grand-domaine-de-vtt-du-valais\\\/#primaryimage\"},\"image\":{\"@id\":\"https:\\\/\\\/hotel-gaedi.ch\\\/fr\\\/2022\\\/10\\\/09\\\/graechen-est-le-plus-grand-domaine-de-vtt-du-valais\\\/#primaryimage\"},\"thumbnailUrl\":\"https:\\\/\\\/hotel-gaedi.ch\\\/wp-content\\\/uploads\\\/2022\\\/10\\\/graechen-bike-haengebruecke-europaweg.jpg\",\"datePublished\":\"2022-10-09T10:13:00+00:00\",\"dateModified\":\"2022-12-23T08:54:50+00:00\",\"author\":{\"@id\":\"https:\\\/\\\/hotel-gaedi.ch\\\/#\\\/schema\\\/person\\\/edeb924d0e60b4c5e256b8a2dc2dbe7b\"},\"breadcrumb\":{\"@id\":\"https:\\\/\\\/hotel-gaedi.ch\\\/fr\\\/2022\\\/10\\\/09\\\/graechen-est-le-plus-grand-domaine-de-vtt-du-valais\\\/#breadcrumb\"},\"inLanguage\":\"fr-FR\",\"potentialAction\":[{\"@type\":\"ReadAction\",\"target\":[\"https:\\\/\\\/hotel-gaedi.ch\\\/fr\\\/2022\\\/10\\\/09\\\/graechen-est-le-plus-grand-domaine-de-vtt-du-valais\\\/\"]}]},{\"@type\":\"ImageObject\",\"inLanguage\":\"fr-FR\",\"@id\":\"https:\\\/\\\/hotel-gaedi.ch\\\/fr\\\/2022\\\/10\\\/09\\\/graechen-est-le-plus-grand-domaine-de-vtt-du-valais\\\/#primaryimage\",\"url\":\"https:\\\/\\\/hotel-gaedi.ch\\\/wp-content\\\/uploads\\\/2022\\\/10\\\/graechen-bike-haengebruecke-europaweg.jpg\",\"contentUrl\":\"https:\\\/\\\/hotel-gaedi.ch\\\/wp-content\\\/uploads\\\/2022\\\/10\\\/graechen-bike-haengebruecke-europaweg.jpg\",\"width\":535,\"height\":355},{\"@type\":\"BreadcrumbList\",\"@id\":\"https:\\\/\\\/hotel-gaedi.ch\\\/fr\\\/2022\\\/10\\\/09\\\/graechen-est-le-plus-grand-domaine-de-vtt-du-valais\\\/#breadcrumb\",\"itemListElement\":[{\"@type\":\"ListItem\",\"position\":1,\"name\":\"Home\",\"item\":\"https:\\\/\\\/hotel-gaedi.ch\\\/fr\\\/\"},{\"@type\":\"ListItem\",\"position\":2,\"name\":\"Gr\u00e4chen est le plus grand domaine de VTT du Valais\"}]},{\"@type\":\"WebSite\",\"@id\":\"https:\\\/\\\/hotel-gaedi.ch\\\/#website\",\"url\":\"https:\\\/\\\/hotel-gaedi.ch\\\/\",\"name\":\"Hotel G\u00e4di\",\"description\":\"Ferien im Hotel G\u00e4di - Gr\u00e4chen\",\"potentialAction\":[{\"@type\":\"SearchAction\",\"target\":{\"@type\":\"EntryPoint\",\"urlTemplate\":\"https:\\\/\\\/hotel-gaedi.ch\\\/?s={search_term_string}\"},\"query-input\":{\"@type\":\"PropertyValueSpecification\",\"valueRequired\":true,\"valueName\":\"search_term_string\"}}],\"inLanguage\":\"fr-FR\"},{\"@type\":\"Person\",\"@id\":\"https:\\\/\\\/hotel-gaedi.ch\\\/#\\\/schema\\\/person\\\/edeb924d0e60b4c5e256b8a2dc2dbe7b\",\"name\":\"melissa\",\"image\":{\"@type\":\"ImageObject\",\"inLanguage\":\"fr-FR\",\"@id\":\"https:\\\/\\\/secure.gravatar.com\\\/avatar\\\/58502860a530fdb95ba429b5b42471f62f36d48b7154db0ae712c813d10403e0?s=96&d=mm&r=g\",\"url\":\"https:\\\/\\\/secure.gravatar.com\\\/avatar\\\/58502860a530fdb95ba429b5b42471f62f36d48b7154db0ae712c813d10403e0?s=96&d=mm&r=g\",\"contentUrl\":\"https:\\\/\\\/secure.gravatar.com\\\/avatar\\\/58502860a530fdb95ba429b5b42471f62f36d48b7154db0ae712c813d10403e0?s=96&d=mm&r=g\",\"caption\":\"melissa\"}}]}<\/script>\n<!-- \/ Yoast SEO plugin. -->","yoast_head_json":{"title":"Gr\u00e4chen est le plus grand domaine de VTT du Valais - Hotel G\u00e4di","robots":{"index":"index","follow":"follow","max-snippet":"max-snippet:-1","max-image-preview":"max-image-preview:large","max-video-preview":"max-video-preview:-1"},"canonical":"https:\/\/hotel-gaedi.ch\/fr\/2022\/10\/09\/graechen-est-le-plus-grand-domaine-de-vtt-du-valais\/","og_locale":"fr_FR","og_type":"article","og_title":"Gr\u00e4chen est le plus grand domaine de VTT du Valais - Hotel G\u00e4di","og_description":"Nos circuits en VTT s'\u00e9tendent de 660 m d'altitude jusqu'au sommet de la montagne. M. \u00e0 2450 m d'altitude M. Ensoleill\u00e9 et vari\u00e9.","og_url":"https:\/\/hotel-gaedi.ch\/fr\/2022\/10\/09\/graechen-est-le-plus-grand-domaine-de-vtt-du-valais\/","og_site_name":"Hotel G\u00e4di","article_published_time":"2022-10-09T10:13:00+00:00","article_modified_time":"2022-12-23T08:54:50+00:00","og_image":[{"width":535,"height":355,"url":"https:\/\/hotel-gaedi.ch\/wp-content\/uploads\/2022\/10\/graechen-bike-haengebruecke-europaweg.jpg","type":"image\/jpeg"}],"author":"melissa","twitter_card":"summary_large_image","twitter_misc":{"\u00c9crit par":"melissa","Dur\u00e9e de lecture estim\u00e9e":"5 minutes"},"schema":{"@context":"https:\/\/schema.org","@graph":[{"@type":"Article","@id":"https:\/\/hotel-gaedi.ch\/fr\/2022\/10\/09\/graechen-est-le-plus-grand-domaine-de-vtt-du-valais\/#article","isPartOf":{"@id":"https:\/\/hotel-gaedi.ch\/fr\/2022\/10\/09\/graechen-est-le-plus-grand-domaine-de-vtt-du-valais\/"},"author":{"name":"melissa","@id":"https:\/\/hotel-gaedi.ch\/#\/schema\/person\/edeb924d0e60b4c5e256b8a2dc2dbe7b"},"headline":"Gr\u00e4chen est le plus grand domaine de VTT du Valais","datePublished":"2022-10-09T10:13:00+00:00","dateModified":"2022-12-23T08:54:50+00:00","mainEntityOfPage":{"@id":"https:\/\/hotel-gaedi.ch\/fr\/2022\/10\/09\/graechen-est-le-plus-grand-domaine-de-vtt-du-valais\/"},"wordCount":1018,"image":{"@id":"https:\/\/hotel-gaedi.ch\/fr\/2022\/10\/09\/graechen-est-le-plus-grand-domaine-de-vtt-du-valais\/#primaryimage"},"thumbnailUrl":"https:\/\/hotel-gaedi.ch\/wp-content\/uploads\/2022\/10\/graechen-bike-haengebruecke-europaweg.jpg","articleSection":["Conseils et activit\u00e9s","Non classifi\u00e9(e)"],"inLanguage":"fr-FR"},{"@type":"WebPage","@id":"https:\/\/hotel-gaedi.ch\/fr\/2022\/10\/09\/graechen-est-le-plus-grand-domaine-de-vtt-du-valais\/","url":"https:\/\/hotel-gaedi.ch\/fr\/2022\/10\/09\/graechen-est-le-plus-grand-domaine-de-vtt-du-valais\/","name":"Gr\u00e4chen est le plus grand domaine de VTT du Valais - Hotel G\u00e4di","isPartOf":{"@id":"https:\/\/hotel-gaedi.ch\/#website"},"primaryImageOfPage":{"@id":"https:\/\/hotel-gaedi.ch\/fr\/2022\/10\/09\/graechen-est-le-plus-grand-domaine-de-vtt-du-valais\/#primaryimage"},"image":{"@id":"https:\/\/hotel-gaedi.ch\/fr\/2022\/10\/09\/graechen-est-le-plus-grand-domaine-de-vtt-du-valais\/#primaryimage"},"thumbnailUrl":"https:\/\/hotel-gaedi.ch\/wp-content\/uploads\/2022\/10\/graechen-bike-haengebruecke-europaweg.jpg","datePublished":"2022-10-09T10:13:00+00:00","dateModified":"2022-12-23T08:54:50+00:00","author":{"@id":"https:\/\/hotel-gaedi.ch\/#\/schema\/person\/edeb924d0e60b4c5e256b8a2dc2dbe7b"},"breadcrumb":{"@id":"https:\/\/hotel-gaedi.ch\/fr\/2022\/10\/09\/graechen-est-le-plus-grand-domaine-de-vtt-du-valais\/#breadcrumb"},"inLanguage":"fr-FR","potentialAction":[{"@type":"ReadAction","target":["https:\/\/hotel-gaedi.ch\/fr\/2022\/10\/09\/graechen-est-le-plus-grand-domaine-de-vtt-du-valais\/"]}]},{"@type":"ImageObject","inLanguage":"fr-FR","@id":"https:\/\/hotel-gaedi.ch\/fr\/2022\/10\/09\/graechen-est-le-plus-grand-domaine-de-vtt-du-valais\/#primaryimage","url":"https:\/\/hotel-gaedi.ch\/wp-content\/uploads\/2022\/10\/graechen-bike-haengebruecke-europaweg.jpg","contentUrl":"https:\/\/hotel-gaedi.ch\/wp-content\/uploads\/2022\/10\/graechen-bike-haengebruecke-europaweg.jpg","width":535,"height":355},{"@type":"BreadcrumbList","@id":"https:\/\/hotel-gaedi.ch\/fr\/2022\/10\/09\/graechen-est-le-plus-grand-domaine-de-vtt-du-valais\/#breadcrumb","itemListElement":[{"@type":"ListItem","position":1,"name":"Home","item":"https:\/\/hotel-gaedi.ch\/fr\/"},{"@type":"ListItem","position":2,"name":"Gr\u00e4chen est le plus grand domaine de VTT du Valais"}]},{"@type":"WebSite","@id":"https:\/\/hotel-gaedi.ch\/#website","url":"https:\/\/hotel-gaedi.ch\/","name":"Hotel G\u00e4di","description":"Ferien im Hotel G\u00e4di - Gr\u00e4chen","potentialAction":[{"@type":"SearchAction","target":{"@type":"EntryPoint","urlTemplate":"https:\/\/hotel-gaedi.ch\/?s={search_term_string}"},"query-input":{"@type":"PropertyValueSpecification","valueRequired":true,"valueName":"search_term_string"}}],"inLanguage":"fr-FR"},{"@type":"Person","@id":"https:\/\/hotel-gaedi.ch\/#\/schema\/person\/edeb924d0e60b4c5e256b8a2dc2dbe7b","name":"melissa","image":{"@type":"ImageObject","inLanguage":"fr-FR","@id":"https:\/\/secure.gravatar.com\/avatar\/58502860a530fdb95ba429b5b42471f62f36d48b7154db0ae712c813d10403e0?s=96&d=mm&r=g","url":"https:\/\/secure.gravatar.com\/avatar\/58502860a530fdb95ba429b5b42471f62f36d48b7154db0ae712c813d10403e0?s=96&d=mm&r=g","contentUrl":"https:\/\/secure.gravatar.com\/avatar\/58502860a530fdb95ba429b5b42471f62f36d48b7154db0ae712c813d10403e0?s=96&d=mm&r=g","caption":"melissa"}}]}},"_links":{"self":[{"href":"https:\/\/hotel-gaedi.ch\/fr\/wp-json\/wp\/v2\/posts\/3548","targetHints":{"allow":["GET"]}}],"collection":[{"href":"https:\/\/hotel-gaedi.ch\/fr\/wp-json\/wp\/v2\/posts"}],"about":[{"href":"https:\/\/hotel-gaedi.ch\/fr\/wp-json\/wp\/v2\/types\/post"}],"author":[{"embeddable":true,"href":"https:\/\/hotel-gaedi.ch\/fr\/wp-json\/wp\/v2\/users\/2"}],"replies":[{"embeddable":true,"href":"https:\/\/hotel-gaedi.ch\/fr\/wp-json\/wp\/v2\/comments?post=3548"}],"version-history":[{"count":3,"href":"https:\/\/hotel-gaedi.ch\/fr\/wp-json\/wp\/v2\/posts\/3548\/revisions"}],"predecessor-version":[{"id":3551,"href":"https:\/\/hotel-gaedi.ch\/fr\/wp-json\/wp\/v2\/posts\/3548\/revisions\/3551"}],"wp:featuredmedia":[{"embeddable":true,"href":"https:\/\/hotel-gaedi.ch\/fr\/wp-json\/wp\/v2\/media\/2944"}],"wp:attachment":[{"href":"https:\/\/hotel-gaedi.ch\/fr\/wp-json\/wp\/v2\/media?parent=3548"}],"wp:term":[{"taxonomy":"category","embeddable":true,"href":"https:\/\/hotel-gaedi.ch\/fr\/wp-json\/wp\/v2\/categories?post=3548"},{"taxonomy":"post_tag","embeddable":true,"href":"https:\/\/hotel-gaedi.ch\/fr\/wp-json\/wp\/v2\/tags?post=3548"}],"curies":[{"name":"wp","href":"https:\/\/api.w.org\/{rel}","templated":true}]}}