{"id":4064,"date":"2023-11-29T10:15:25","date_gmt":"2023-11-29T09:15:25","guid":{"rendered":"https:\/\/hotel-gaedi.ch\/?p=4064"},"modified":"2023-11-29T10:27:32","modified_gmt":"2023-11-29T09:27:32","slug":"celui-qui-commence-la-journee-avec-le-sourire-a-deja-gagne","status":"publish","type":"post","link":"https:\/\/hotel-gaedi.ch\/fr\/2023\/11\/29\/celui-qui-commence-la-journee-avec-le-sourire-a-deja-gagne\/","title":{"rendered":"Celui qui commence la journ\u00e9e avec le sourire&#8230; a d\u00e9j\u00e0 gagn\u00e9"},"content":{"rendered":"\n<div class=\"wp-block-group container section-blog-detail-content\"><div class=\"wp-block-group__inner-container is-layout-flow wp-block-group-is-layout-flow\">\n<div class=\"wp-block-columns row is-layout-flex wp-container-core-columns-is-layout-9d6595d7 wp-block-columns-is-layout-flex\">\n<div class=\"wp-block-column col-12 is-layout-flow wp-block-column-is-layout-flow\">\n<figure class=\"wp-block-image size-large\"><img loading=\"lazy\" decoding=\"async\" width=\"1024\" height=\"683\" src=\"https:\/\/hotel-gaedi.ch\/wp-content\/uploads\/2023\/11\/beste-winter-hotels-2023-1024x683.jpg\" alt=\"\" class=\"wp-image-4069\" srcset=\"https:\/\/hotel-gaedi.ch\/wp-content\/uploads\/2023\/11\/beste-winter-hotels-2023-1024x683.jpg 1024w, https:\/\/hotel-gaedi.ch\/wp-content\/uploads\/2023\/11\/beste-winter-hotels-2023-500x333.jpg 500w, https:\/\/hotel-gaedi.ch\/wp-content\/uploads\/2023\/11\/beste-winter-hotels-2023-768x512.jpg 768w, https:\/\/hotel-gaedi.ch\/wp-content\/uploads\/2023\/11\/beste-winter-hotels-2023-1536x1024.jpg 1536w, https:\/\/hotel-gaedi.ch\/wp-content\/uploads\/2023\/11\/beste-winter-hotels-2023.jpg 1780w\" sizes=\"auto, (max-width: 1024px) 100vw, 1024px\" \/><\/figure>\n\n\n<h1 class=\"wp-block-post-title\">Celui qui commence la journ\u00e9e avec le sourire&#8230; a d\u00e9j\u00e0 gagn\u00e9<\/h1>\n\n\n<p>&#8230;..et aujourd&rsquo;hui est un de ces jours ! Nous avons r\u00e9ussi et nous sommes tellement motiv\u00e9s pour continuer \u00e0 donner le meilleur de nous-m\u00eames !<\/p>\n\n\n\n<p>Dans le classement Karl Wild des h\u00f4tels, nous faisons partie des 20 meilleurs h\u00f4tels suisses d&rsquo;hiver avec 3 \u00e9toiles en 2023 !<\/p>\n\n\n\n<p>Nous sommes si fiers de notre famille G\u00e4di et disons \u00ab\u00a0merci\u00a0\u00bb \u00e0 tous, en particulier \u00e0 notre \u00e9quipe, \u00e0 nos h\u00f4tes, \u00e0 Karl Wild et \u00e0 nos familles.<\/p>\n\n\n\n<p>Salutations hivernales<br\/>M\u00e9lanie &amp; Martin avec toute la famille G\u00e4di<\/p>\n<\/div>\n<\/div>\n<\/div><\/div>\n\n<div class=\"wp-block-group container custom-posttype-filtered-list\"><div class=\"wp-block-group__inner-container is-layout-flow wp-block-group-is-layout-flow\">\n<div class=\"wp-block-columns row is-layout-flex wp-container-core-columns-is-layout-9d6595d7 wp-block-columns-is-layout-flex\">\n<div class=\"wp-block-column col-12 is-layout-flow wp-block-column-is-layout-flow\">\n<h2 class=\"wp-block-heading\">Voir plus d&rsquo;articles<\/h2>\n<\/div>\n<\/div>\n\n\n\n<div class=\"wp-block-columns row is-layout-flex wp-container-core-columns-is-layout-9d6595d7 wp-block-columns-is-layout-flex\">\n<div class=\"wp-block-column col-12 carousel slide is-layout-flow wp-block-column-is-layout-flow\" id=\"moreBlogposts\" data-bs-interval=\"false\" data-bs-ride=\"carousel\" data-perSlideItems=\"3\">\n<div class=\"wp-block-query carousel-inner is-layout-flow wp-block-query-is-layout-flow\" role=\"listbox\"><ul class=\"wp-block-post-template is-layout-flow wp-block-post-template-is-layout-flow\"><li class=\"wp-block-post post-4064 post type-post status-publish format-standard has-post-thumbnail hentry category-gaedi-insider-infos-fr\">\n\n<div class=\"wp-block-group\"><div class=\"wp-block-group__inner-container is-layout-flow wp-block-group-is-layout-flow\"><figure class=\"wp-block-post-featured-image\"><a href=\"https:\/\/hotel-gaedi.ch\/fr\/2023\/11\/29\/celui-qui-commence-la-journee-avec-le-sourire-a-deja-gagne\/\" target=\"_self\"  ><img loading=\"lazy\" decoding=\"async\" width=\"1780\" height=\"1187\" src=\"https:\/\/hotel-gaedi.ch\/wp-content\/uploads\/2023\/11\/beste-winter-hotels-2023.jpg\" class=\"attachment-post-thumbnail size-post-thumbnail wp-post-image\" alt=\"Celui qui commence la journ\u00e9e avec le sourire&#8230; a d\u00e9j\u00e0 gagn\u00e9\" style=\"object-fit:cover;\" srcset=\"https:\/\/hotel-gaedi.ch\/wp-content\/uploads\/2023\/11\/beste-winter-hotels-2023.jpg 1780w, https:\/\/hotel-gaedi.ch\/wp-content\/uploads\/2023\/11\/beste-winter-hotels-2023-500x333.jpg 500w, https:\/\/hotel-gaedi.ch\/wp-content\/uploads\/2023\/11\/beste-winter-hotels-2023-1024x683.jpg 1024w, https:\/\/hotel-gaedi.ch\/wp-content\/uploads\/2023\/11\/beste-winter-hotels-2023-768x512.jpg 768w, https:\/\/hotel-gaedi.ch\/wp-content\/uploads\/2023\/11\/beste-winter-hotels-2023-1536x1024.jpg 1536w\" sizes=\"auto, (max-width: 1780px) 100vw, 1780px\" \/><\/a><\/figure>\n\n<h4 class=\"wp-block-post-title\">Celui qui commence la journ\u00e9e avec le sourire&#8230; a d\u00e9j\u00e0 gagn\u00e9<\/h4>\n\n<div class=\"wp-block-post-excerpt\"><p class=\"wp-block-post-excerpt__excerpt\">Le c\u00e9l\u00e8bre classement des h\u00f4tels de Karl Wild nous a d\u00e9sign\u00e9s comme l&rsquo;un des 25 meilleurs h\u00f4tels d&rsquo;hiver 3 \u00e9toiles de Suisse. <\/p><\/div><\/div><\/div>\n\n<\/li><li class=\"wp-block-post post-3534 post type-post status-publish format-standard has-post-thumbnail hentry category-gaedi-insider-infos-fr\">\n\n<div class=\"wp-block-group\"><div class=\"wp-block-group__inner-container is-layout-flow wp-block-group-is-layout-flow\"><figure class=\"wp-block-post-featured-image\"><a href=\"https:\/\/hotel-gaedi.ch\/fr\/2022\/12\/21\/hotel-gaedi-graechen-un-des-meilleurs-hotels-dhiver-de-suisse\/\" target=\"_self\"  ><img loading=\"lazy\" decoding=\"async\" width=\"1780\" height=\"1187\" src=\"https:\/\/hotel-gaedi.ch\/wp-content\/uploads\/2022\/12\/beste-winter-hotels.jpg\" class=\"attachment-post-thumbnail size-post-thumbnail wp-post-image\" alt=\"H\u00f4tel G\u00e4di Gr\u00e4chen &#8211; Un des meilleurs h\u00f4tels d&rsquo;hiver de Suisse\" style=\"object-fit:cover;\" srcset=\"https:\/\/hotel-gaedi.ch\/wp-content\/uploads\/2022\/12\/beste-winter-hotels.jpg 1780w, https:\/\/hotel-gaedi.ch\/wp-content\/uploads\/2022\/12\/beste-winter-hotels-500x333.jpg 500w, https:\/\/hotel-gaedi.ch\/wp-content\/uploads\/2022\/12\/beste-winter-hotels-1024x683.jpg 1024w, https:\/\/hotel-gaedi.ch\/wp-content\/uploads\/2022\/12\/beste-winter-hotels-768x512.jpg 768w, https:\/\/hotel-gaedi.ch\/wp-content\/uploads\/2022\/12\/beste-winter-hotels-1536x1024.jpg 1536w\" sizes=\"auto, (max-width: 1780px) 100vw, 1780px\" \/><\/a><\/figure>\n\n<h4 class=\"wp-block-post-title\">H\u00f4tel G\u00e4di Gr\u00e4chen &#8211; Un des meilleurs h\u00f4tels d&rsquo;hiver de Suisse<\/h4>\n\n<div class=\"wp-block-post-excerpt\"><p class=\"wp-block-post-excerpt__excerpt\">Le c\u00e9l\u00e8bre classement des h\u00f4tels de Karl Wild nous a d\u00e9sign\u00e9s comme l&rsquo;un des 25 meilleurs h\u00f4tels d&rsquo;hiver 3 \u00e9toiles de Suisse. <\/p><\/div><\/div><\/div>\n\n<\/li><li class=\"wp-block-post post-3540 post type-post status-publish format-standard has-post-thumbnail hentry category-gaedi-insider-infos-fr\">\n\n<div class=\"wp-block-group\"><div class=\"wp-block-group__inner-container is-layout-flow wp-block-group-is-layout-flow\"><figure class=\"wp-block-post-featured-image\"><a href=\"https:\/\/hotel-gaedi.ch\/fr\/2022\/12\/16\/gaedi-fait-partie-des-meilleurs-hotels-3-etoiles-de-suisse\/\" target=\"_self\"  ><img loading=\"lazy\" decoding=\"async\" width=\"1780\" height=\"1187\" src=\"https:\/\/hotel-gaedi.ch\/wp-content\/uploads\/2022\/12\/hotel-gaedi-best-3-star.jpg\" class=\"attachment-post-thumbnail size-post-thumbnail wp-post-image\" alt=\"G\u00e4di fait partie des meilleurs h\u00f4tels 3 \u00e9toiles de Suisse\" style=\"object-fit:cover;\" srcset=\"https:\/\/hotel-gaedi.ch\/wp-content\/uploads\/2022\/12\/hotel-gaedi-best-3-star.jpg 1780w, https:\/\/hotel-gaedi.ch\/wp-content\/uploads\/2022\/12\/hotel-gaedi-best-3-star-500x333.jpg 500w, https:\/\/hotel-gaedi.ch\/wp-content\/uploads\/2022\/12\/hotel-gaedi-best-3-star-1024x683.jpg 1024w, https:\/\/hotel-gaedi.ch\/wp-content\/uploads\/2022\/12\/hotel-gaedi-best-3-star-768x512.jpg 768w, https:\/\/hotel-gaedi.ch\/wp-content\/uploads\/2022\/12\/hotel-gaedi-best-3-star-1536x1024.jpg 1536w\" sizes=\"auto, (max-width: 1780px) 100vw, 1780px\" \/><\/a><\/figure>\n\n<h4 class=\"wp-block-post-title\">G\u00e4di fait partie des meilleurs h\u00f4tels 3 \u00e9toiles de Suisse<\/h4>\n\n<div class=\"wp-block-post-excerpt\"><p class=\"wp-block-post-excerpt__excerpt\">Nous faisons partie des Best3Star Hotels of Switzerland. Nous sommes extr\u00eamement fiers de notre \u00e9quipe et nous la remercions du fond du c\u0153ur pour tout ! <\/p><\/div><\/div><\/div>\n\n<\/li><li class=\"wp-block-post post-3548 post type-post status-publish format-standard has-post-thumbnail hentry category-conseils-et-activites category-non-classifiee\">\n\n<div class=\"wp-block-group\"><div class=\"wp-block-group__inner-container is-layout-flow wp-block-group-is-layout-flow\"><figure class=\"wp-block-post-featured-image\"><a href=\"https:\/\/hotel-gaedi.ch\/fr\/2022\/10\/09\/graechen-est-le-plus-grand-domaine-de-vtt-du-valais\/\" target=\"_self\"  ><img loading=\"lazy\" decoding=\"async\" width=\"535\" height=\"355\" src=\"https:\/\/hotel-gaedi.ch\/wp-content\/uploads\/2022\/10\/graechen-bike-haengebruecke-europaweg.jpg\" class=\"attachment-post-thumbnail size-post-thumbnail wp-post-image\" alt=\"Gr\u00e4chen est le plus grand domaine de VTT du Valais\" style=\"object-fit:cover;\" srcset=\"https:\/\/hotel-gaedi.ch\/wp-content\/uploads\/2022\/10\/graechen-bike-haengebruecke-europaweg.jpg 535w, https:\/\/hotel-gaedi.ch\/wp-content\/uploads\/2022\/10\/graechen-bike-haengebruecke-europaweg-500x332.jpg 500w\" sizes=\"auto, (max-width: 535px) 100vw, 535px\" \/><\/a><\/figure>\n\n<h4 class=\"wp-block-post-title\">Gr\u00e4chen est le plus grand domaine de VTT du Valais<\/h4>\n\n<div class=\"wp-block-post-excerpt\"><p class=\"wp-block-post-excerpt__excerpt\">Nos circuits en VTT s&rsquo;\u00e9tendent de 660 m d&rsquo;altitude jusqu&rsquo;au sommet de la montagne. M. \u00e0 2450 m d&rsquo;altitude M. Ensoleill\u00e9 et vari\u00e9. <\/p><\/div><\/div><\/div>\n\n<\/li><li class=\"wp-block-post post-3556 post type-post status-publish format-standard has-post-thumbnail hentry category-gaedi-insider-infos-fr category-non-classifiee\">\n\n<div class=\"wp-block-group\"><div class=\"wp-block-group__inner-container is-layout-flow wp-block-group-is-layout-flow\"><figure class=\"wp-block-post-featured-image\"><a href=\"https:\/\/hotel-gaedi.ch\/fr\/2022\/10\/09\/la-cuisine-est-laffaire-du-chef\/\" target=\"_self\"  ><img loading=\"lazy\" decoding=\"async\" width=\"535\" height=\"357\" src=\"https:\/\/hotel-gaedi.ch\/wp-content\/uploads\/2022\/09\/martin-brigger-koch-hotel-gaedi-graechen-gross.jpg\" class=\"attachment-post-thumbnail size-post-thumbnail wp-post-image\" alt=\"La cuisine est l&rsquo;affaire du chef\" style=\"object-fit:cover;\" srcset=\"https:\/\/hotel-gaedi.ch\/wp-content\/uploads\/2022\/09\/martin-brigger-koch-hotel-gaedi-graechen-gross.jpg 535w, https:\/\/hotel-gaedi.ch\/wp-content\/uploads\/2022\/09\/martin-brigger-koch-hotel-gaedi-graechen-gross-500x334.jpg 500w\" sizes=\"auto, (max-width: 535px) 100vw, 535px\" \/><\/a><\/figure>\n\n<h4 class=\"wp-block-post-title\">La cuisine est l&rsquo;affaire du chef<\/h4>\n\n<div class=\"wp-block-post-excerpt\"><p class=\"wp-block-post-excerpt__excerpt\">Croquant, frais et cuisin\u00e9 avec beaucoup d&rsquo;amour. <\/p><\/div><\/div><\/div>\n\n<\/li><li class=\"wp-block-post post-3564 post type-post status-publish format-standard has-post-thumbnail hentry category-gaedi-insider-infos-fr category-non-classifiee\">\n\n<div class=\"wp-block-group\"><div class=\"wp-block-group__inner-container is-layout-flow wp-block-group-is-layout-flow\"><figure class=\"wp-block-post-featured-image\"><a href=\"https:\/\/hotel-gaedi.ch\/fr\/2022\/10\/09\/lhotel-alpin-le-plus-populaire\/\" target=\"_self\"  ><img loading=\"lazy\" decoding=\"async\" width=\"535\" height=\"355\" src=\"https:\/\/hotel-gaedi.ch\/wp-content\/uploads\/2022\/10\/winter-award-2018-gross.jpg\" class=\"attachment-post-thumbnail size-post-thumbnail wp-post-image\" alt=\"L&rsquo;h\u00f4tel alpin le plus populaire\" style=\"object-fit:cover;\" srcset=\"https:\/\/hotel-gaedi.ch\/wp-content\/uploads\/2022\/10\/winter-award-2018-gross.jpg 535w, https:\/\/hotel-gaedi.ch\/wp-content\/uploads\/2022\/10\/winter-award-2018-gross-500x332.jpg 500w\" sizes=\"auto, (max-width: 535px) 100vw, 535px\" \/><\/a><\/figure>\n\n<h4 class=\"wp-block-post-title\">L&rsquo;h\u00f4tel alpin le plus populaire<\/h4>\n\n<div class=\"wp-block-post-excerpt\"><p class=\"wp-block-post-excerpt__excerpt\">Le 26 avril 2018, la 23e c\u00e9r\u00e9monie de remise des Winter Awards s&rsquo;est d\u00e9roul\u00e9e au lac Achensee, dans le Tyrol. <\/p><\/div><\/div><\/div>\n\n<\/li><li class=\"wp-block-post post-3580 post type-post status-publish format-standard has-post-thumbnail hentry category-conseils-et-activites category-non-classifiee\">\n\n<div class=\"wp-block-group\"><div class=\"wp-block-group__inner-container is-layout-flow wp-block-group-is-layout-flow\"><figure class=\"wp-block-post-featured-image\"><a href=\"https:\/\/hotel-gaedi.ch\/fr\/2022\/10\/09\/biketrails\/\" target=\"_self\"  ><img loading=\"lazy\" decoding=\"async\" width=\"535\" height=\"357\" src=\"https:\/\/hotel-gaedi.ch\/wp-content\/uploads\/2022\/10\/biketrails-graechen.jpg\" class=\"attachment-post-thumbnail size-post-thumbnail wp-post-image\" alt=\"Biketrails\" style=\"object-fit:cover;\" srcset=\"https:\/\/hotel-gaedi.ch\/wp-content\/uploads\/2022\/10\/biketrails-graechen.jpg 535w, https:\/\/hotel-gaedi.ch\/wp-content\/uploads\/2022\/10\/biketrails-graechen-500x334.jpg 500w\" sizes=\"auto, (max-width: 535px) 100vw, 535px\" \/><\/a><\/figure>\n\n<h4 class=\"wp-block-post-title\">Biketrails<\/h4>\n\n<div class=\"wp-block-post-excerpt\"><p class=\"wp-block-post-excerpt__excerpt\">\u00c0 tous les motards passionn\u00e9s et \u00e0 ceux qui veulent le devenir ! <\/p><\/div><\/div><\/div>\n\n<\/li><li class=\"wp-block-post post-3588 post type-post status-publish format-standard has-post-thumbnail hentry category-conseils-et-activites category-non-classifiee\">\n\n<div class=\"wp-block-group\"><div class=\"wp-block-group__inner-container is-layout-flow wp-block-group-is-layout-flow\"><figure class=\"wp-block-post-featured-image\"><a href=\"https:\/\/hotel-gaedi.ch\/fr\/2022\/10\/09\/randonnees-hivernales\/\" target=\"_self\"  ><img loading=\"lazy\" decoding=\"async\" width=\"535\" height=\"357\" src=\"https:\/\/hotel-gaedi.ch\/wp-content\/uploads\/2022\/10\/winterwanderweg-graechen-gross.jpg\" class=\"attachment-post-thumbnail size-post-thumbnail wp-post-image\" alt=\"Randonn\u00e9es hivernales\" style=\"object-fit:cover;\" srcset=\"https:\/\/hotel-gaedi.ch\/wp-content\/uploads\/2022\/10\/winterwanderweg-graechen-gross.jpg 535w, https:\/\/hotel-gaedi.ch\/wp-content\/uploads\/2022\/10\/winterwanderweg-graechen-gross-500x334.jpg 500w\" sizes=\"auto, (max-width: 535px) 100vw, 535px\" \/><\/a><\/figure>\n\n<h4 class=\"wp-block-post-title\">Randonn\u00e9es hivernales<\/h4>\n\n<div class=\"wp-block-post-excerpt\"><p class=\"wp-block-post-excerpt__excerpt\">Gr\u00e4chen offre des randonn\u00e9es hivernales vari\u00e9es et magnifiques. <\/p><\/div><\/div><\/div>\n\n<\/li><li class=\"wp-block-post post-3596 post type-post status-publish format-standard has-post-thumbnail hentry category-gaedi-insider-infos-fr category-non-classifiee\">\n\n<div class=\"wp-block-group\"><div class=\"wp-block-group__inner-container is-layout-flow wp-block-group-is-layout-flow\"><figure class=\"wp-block-post-featured-image\"><a href=\"https:\/\/hotel-gaedi.ch\/fr\/2022\/10\/09\/hue-hue-hue-1ere-place\/\" target=\"_self\"  ><img loading=\"lazy\" decoding=\"async\" width=\"535\" height=\"355\" src=\"https:\/\/hotel-gaedi.ch\/wp-content\/uploads\/2022\/10\/prix-bienvenu-2017-hotel-gaedi-graechen-gross.jpg\" class=\"attachment-post-thumbnail size-post-thumbnail wp-post-image\" alt=\"Hue, hue, hue ! 1\u00e8re place\" style=\"object-fit:cover;\" srcset=\"https:\/\/hotel-gaedi.ch\/wp-content\/uploads\/2022\/10\/prix-bienvenu-2017-hotel-gaedi-graechen-gross.jpg 535w, https:\/\/hotel-gaedi.ch\/wp-content\/uploads\/2022\/10\/prix-bienvenu-2017-hotel-gaedi-graechen-gross-500x332.jpg 500w\" sizes=\"auto, (max-width: 535px) 100vw, 535px\" \/><\/a><\/figure>\n\n<h4 class=\"wp-block-post-title\">Hue, hue, hue ! 1\u00e8re place<\/h4>\n\n<div class=\"wp-block-post-excerpt\"><p class=\"wp-block-post-excerpt__excerpt\">R\u00e9trospective 2017 : lorsque Suisse Tourisme nous a appel\u00e9s pour nous annoncer que nous \u00e9tions nomin\u00e9s dans la cat\u00e9gorie \u00ab\u00a0petits et raffin\u00e9s\u00a0\u00bb des h\u00f4tels les plus accueillants de Suisse en 2017, nous \u00e9tions fous de joie ! <\/p><\/div><\/div><\/div>\n\n<\/li><li class=\"wp-block-post post-3604 post type-post status-publish format-standard has-post-thumbnail hentry category-conseils-et-activites category-non-classifiee\">\n\n<div class=\"wp-block-group\"><div class=\"wp-block-group__inner-container is-layout-flow wp-block-group-is-layout-flow\"><figure class=\"wp-block-post-featured-image\"><a href=\"https:\/\/hotel-gaedi.ch\/fr\/2022\/10\/09\/nouveau-pont-suspendu-sur-leuropaweg\/\" target=\"_self\"  ><img loading=\"lazy\" decoding=\"async\" width=\"535\" height=\"357\" src=\"https:\/\/hotel-gaedi.ch\/wp-content\/uploads\/2022\/10\/europabruecke-graechen-zermatt-randa.jpg\" class=\"attachment-post-thumbnail size-post-thumbnail wp-post-image\" alt=\"Nouveau pont suspendu sur l&rsquo;Europaweg\" style=\"object-fit:cover;\" srcset=\"https:\/\/hotel-gaedi.ch\/wp-content\/uploads\/2022\/10\/europabruecke-graechen-zermatt-randa.jpg 535w, https:\/\/hotel-gaedi.ch\/wp-content\/uploads\/2022\/10\/europabruecke-graechen-zermatt-randa-500x334.jpg 500w\" sizes=\"auto, (max-width: 535px) 100vw, 535px\" \/><\/a><\/figure>\n\n<h4 class=\"wp-block-post-title\">Nouveau pont suspendu sur l&rsquo;Europaweg<\/h4>\n\n<div class=\"wp-block-post-excerpt\"><p class=\"wp-block-post-excerpt__excerpt\">\u00c9poustouflant &#8211; Captivant &#8211; Imposant <\/p><\/div><\/div><\/div>\n\n<\/li><li class=\"wp-block-post post-3612 post type-post status-publish format-standard has-post-thumbnail hentry category-conseils-et-activites category-non-classifiee\">\n\n<div class=\"wp-block-group\"><div class=\"wp-block-group__inner-container is-layout-flow wp-block-group-is-layout-flow\"><figure class=\"wp-block-post-featured-image\"><a href=\"https:\/\/hotel-gaedi.ch\/fr\/2022\/10\/09\/bisses-conduites-deau\/\" target=\"_self\"  ><img loading=\"lazy\" decoding=\"async\" width=\"535\" height=\"357\" src=\"https:\/\/hotel-gaedi.ch\/wp-content\/uploads\/2022\/10\/suonen-wasserleiten-graechen-gross.jpg\" class=\"attachment-post-thumbnail size-post-thumbnail wp-post-image\" alt=\"Bisses \/ Conduites d&rsquo;eau\" style=\"object-fit:cover;\" srcset=\"https:\/\/hotel-gaedi.ch\/wp-content\/uploads\/2022\/10\/suonen-wasserleiten-graechen-gross.jpg 535w, https:\/\/hotel-gaedi.ch\/wp-content\/uploads\/2022\/10\/suonen-wasserleiten-graechen-gross-500x334.jpg 500w\" sizes=\"auto, (max-width: 535px) 100vw, 535px\" \/><\/a><\/figure>\n\n<h4 class=\"wp-block-post-title\">Bisses \/ Conduites d&rsquo;eau<\/h4>\n\n<div class=\"wp-block-post-excerpt\"><p class=\"wp-block-post-excerpt__excerpt\">Un morceau d&rsquo;histoire de la montagne \u00e0 vivre ! <\/p><\/div><\/div><\/div>\n\n<\/li><li class=\"wp-block-post post-3620 post type-post status-publish format-standard has-post-thumbnail hentry category-conseils-et-activites category-non-classifiee\">\n\n<div class=\"wp-block-group\"><div class=\"wp-block-group__inner-container is-layout-flow wp-block-group-is-layout-flow\"><figure class=\"wp-block-post-featured-image\"><a href=\"https:\/\/hotel-gaedi.ch\/fr\/2022\/10\/09\/visite-guidee-du-village-de-graechen\/\" target=\"_self\"  ><img loading=\"lazy\" decoding=\"async\" width=\"535\" height=\"357\" src=\"https:\/\/hotel-gaedi.ch\/wp-content\/uploads\/2022\/10\/die-geschichte-der-hotel-dorfrundgang-graechen.jpg\" class=\"attachment-post-thumbnail size-post-thumbnail wp-post-image\" alt=\"Visite guid\u00e9e du village de Gr\u00e4chen\" style=\"object-fit:cover;\" srcset=\"https:\/\/hotel-gaedi.ch\/wp-content\/uploads\/2022\/10\/die-geschichte-der-hotel-dorfrundgang-graechen.jpg 535w, https:\/\/hotel-gaedi.ch\/wp-content\/uploads\/2022\/10\/die-geschichte-der-hotel-dorfrundgang-graechen-500x334.jpg 500w\" sizes=\"auto, (max-width: 535px) 100vw, 535px\" \/><\/a><\/figure>\n\n<h4 class=\"wp-block-post-title\">Visite guid\u00e9e du village de Gr\u00e4chen<\/h4>\n\n<div class=\"wp-block-post-excerpt\"><p class=\"wp-block-post-excerpt__excerpt\">Apprenez-en plus sur la destination de vacances tr\u00e8s pris\u00e9e de Gr\u00e4chen au cours de cette promenade accompagn\u00e9e. <\/p><\/div><\/div><\/div>\n\n<\/li><li class=\"wp-block-post post-3628 post type-post status-publish format-standard has-post-thumbnail hentry category-gaedi-insider-infos-fr category-non-classifiee\">\n\n<div class=\"wp-block-group\"><div class=\"wp-block-group__inner-container is-layout-flow wp-block-group-is-layout-flow\"><figure class=\"wp-block-post-featured-image\"><a href=\"https:\/\/hotel-gaedi.ch\/fr\/2022\/10\/09\/nous-sommes-tres-heureux\/\" target=\"_self\"  ><img loading=\"lazy\" decoding=\"async\" width=\"190\" height=\"127\" src=\"https:\/\/hotel-gaedi.ch\/wp-content\/uploads\/2022\/10\/holiday-check.jpg\" class=\"attachment-post-thumbnail size-post-thumbnail wp-post-image\" alt=\"Nous sommes tr\u00e8s heureux !\" style=\"object-fit:cover;\" \/><\/a><\/figure>\n\n<h4 class=\"wp-block-post-title\">Nous sommes tr\u00e8s heureux !<\/h4>\n\n<div class=\"wp-block-post-excerpt\"><p class=\"wp-block-post-excerpt__excerpt\">Notre \u00e9tablissement fait partie des h\u00f4tels tr\u00e8s bien not\u00e9s sur HolidayCheck. <\/p><\/div><\/div><\/div>\n\n<\/li><li class=\"wp-block-post post-3636 post type-post status-publish format-standard has-post-thumbnail hentry category-conseils-et-activites category-non-classifiee\">\n\n<div class=\"wp-block-group\"><div class=\"wp-block-group__inner-container is-layout-flow wp-block-group-is-layout-flow\"><figure class=\"wp-block-post-featured-image\"><a href=\"https:\/\/hotel-gaedi.ch\/fr\/2022\/10\/09\/vous-navez-pas-envie-de-skier\/\" target=\"_self\"  ><img loading=\"lazy\" decoding=\"async\" width=\"535\" height=\"357\" src=\"https:\/\/hotel-gaedi.ch\/wp-content\/uploads\/2022\/10\/natureisbahn-graechen-hotel-gaedi-gross.jpg\" class=\"attachment-post-thumbnail size-post-thumbnail wp-post-image\" alt=\"Vous n&rsquo;avez pas envie de skier ?\" style=\"object-fit:cover;\" srcset=\"https:\/\/hotel-gaedi.ch\/wp-content\/uploads\/2022\/10\/natureisbahn-graechen-hotel-gaedi-gross.jpg 535w, https:\/\/hotel-gaedi.ch\/wp-content\/uploads\/2022\/10\/natureisbahn-graechen-hotel-gaedi-gross-500x334.jpg 500w\" sizes=\"auto, (max-width: 535px) 100vw, 535px\" \/><\/a><\/figure>\n\n<h4 class=\"wp-block-post-title\">Vous n&rsquo;avez pas envie de skier ?<\/h4>\n\n<div class=\"wp-block-post-excerpt\"><p class=\"wp-block-post-excerpt__excerpt\">Alors la patinoire naturelle de Gr\u00e4chen est peut-\u00eatre faite pour vous ! <\/p><\/div><\/div><\/div>\n\n<\/li><li class=\"wp-block-post post-4706 post type-post status-publish format-standard has-post-thumbnail hentry category-gaedi-insider-infos-fr category-non-classifiee\">\n\n<div class=\"wp-block-group\"><div class=\"wp-block-group__inner-container is-layout-flow wp-block-group-is-layout-flow\"><figure class=\"wp-block-post-featured-image\"><a href=\"https:\/\/hotel-gaedi.ch\/fr\/2022\/10\/09\/prix-bienvenu-de-suisse-tourisme\/\" target=\"_self\"  ><img loading=\"lazy\" decoding=\"async\" width=\"535\" height=\"355\" src=\"https:\/\/hotel-gaedi.ch\/wp-content\/uploads\/2022\/10\/top-100-hotels.jpg\" class=\"attachment-post-thumbnail size-post-thumbnail wp-post-image\" alt=\"Prix Bienvenu de Suisse Tourisme\" style=\"object-fit:cover;\" srcset=\"https:\/\/hotel-gaedi.ch\/wp-content\/uploads\/2022\/10\/top-100-hotels.jpg 535w, https:\/\/hotel-gaedi.ch\/wp-content\/uploads\/2022\/10\/top-100-hotels-500x332.jpg 500w\" sizes=\"auto, (max-width: 535px) 100vw, 535px\" \/><\/a><\/figure>\n\n<h4 class=\"wp-block-post-title\">Prix Bienvenu de Suisse Tourisme<\/h4>\n\n<div class=\"wp-block-post-excerpt\"><p class=\"wp-block-post-excerpt__excerpt\">L&rsquo;h\u00f4tel G\u00e4di Gr\u00e4chen a d\u00e9j\u00e0 \u00e9t\u00e9 class\u00e9 plusieurs fois parmi les 100 h\u00f4tels les plus accueillants de Suisse ! <\/p><\/div><\/div><\/div>\n\n<\/li><\/ul>\n\n<\/div>\n<\/div>\n<\/div>\n<\/div><\/div>\n","protected":false},"excerpt":{"rendered":"<p>Le c\u00e9l\u00e8bre classement des h\u00f4tels de Karl Wild nous a d\u00e9sign\u00e9s comme l&rsquo;un des 25 meilleurs h\u00f4tels d&rsquo;hiver 3 \u00e9toiles de Suisse.<\/p>\n","protected":false},"author":4,"featured_media":4071,"comment_status":"closed","ping_status":"closed","sticky":false,"template":"","format":"standard","meta":{"_acf_changed":false,"inline_featured_image":false,"footnotes":""},"categories":[34],"tags":[],"class_list":["post-4064","post","type-post","status-publish","format-standard","has-post-thumbnail","hentry","category-gaedi-insider-infos-fr"],"acf":[],"yoast_head":"<!-- This site is optimized with the Yoast SEO plugin v27.5 - https:\/\/yoast.com\/product\/yoast-seo-wordpress\/ -->\n<title>Celui qui commence la journ\u00e9e avec le sourire... a d\u00e9j\u00e0 gagn\u00e9 - Hotel G\u00e4di<\/title>\n<meta name=\"robots\" content=\"index, follow, max-snippet:-1, max-image-preview:large, max-video-preview:-1\" \/>\n<link rel=\"canonical\" href=\"https:\/\/hotel-gaedi.ch\/fr\/2023\/11\/29\/celui-qui-commence-la-journee-avec-le-sourire-a-deja-gagne\/\" \/>\n<meta property=\"og:locale\" content=\"fr_FR\" \/>\n<meta property=\"og:type\" content=\"article\" \/>\n<meta property=\"og:title\" content=\"Celui qui commence la journ\u00e9e avec le sourire... a d\u00e9j\u00e0 gagn\u00e9 - Hotel G\u00e4di\" \/>\n<meta property=\"og:description\" content=\"Le c\u00e9l\u00e8bre classement des h\u00f4tels de Karl Wild nous a d\u00e9sign\u00e9s comme l&#039;un des 25 meilleurs h\u00f4tels d&#039;hiver 3 \u00e9toiles de Suisse.\" \/>\n<meta property=\"og:url\" content=\"https:\/\/hotel-gaedi.ch\/fr\/2023\/11\/29\/celui-qui-commence-la-journee-avec-le-sourire-a-deja-gagne\/\" \/>\n<meta property=\"og:site_name\" content=\"Hotel G\u00e4di\" \/>\n<meta property=\"article:published_time\" content=\"2023-11-29T09:15:25+00:00\" \/>\n<meta property=\"article:modified_time\" content=\"2023-11-29T09:27:32+00:00\" \/>\n<meta property=\"og:image\" content=\"https:\/\/hotel-gaedi.ch\/wp-content\/uploads\/2023\/11\/beste-winter-hotels-2023.jpg\" \/>\n\t<meta property=\"og:image:width\" content=\"1780\" \/>\n\t<meta property=\"og:image:height\" content=\"1187\" \/>\n\t<meta property=\"og:image:type\" content=\"image\/jpeg\" \/>\n<meta name=\"author\" content=\"Walter Alexander\" \/>\n<meta name=\"twitter:card\" content=\"summary_large_image\" \/>\n<meta name=\"twitter:label1\" content=\"\u00c9crit par\" \/>\n\t<meta name=\"twitter:data1\" content=\"Walter Alexander\" \/>\n<script type=\"application\/ld+json\" class=\"yoast-schema-graph\">{\"@context\":\"https:\\\/\\\/schema.org\",\"@graph\":[{\"@type\":\"Article\",\"@id\":\"https:\\\/\\\/hotel-gaedi.ch\\\/fr\\\/2023\\\/11\\\/29\\\/celui-qui-commence-la-journee-avec-le-sourire-a-deja-gagne\\\/#article\",\"isPartOf\":{\"@id\":\"https:\\\/\\\/hotel-gaedi.ch\\\/fr\\\/2023\\\/11\\\/29\\\/celui-qui-commence-la-journee-avec-le-sourire-a-deja-gagne\\\/\"},\"author\":{\"name\":\"Walter Alexander\",\"@id\":\"https:\\\/\\\/hotel-gaedi.ch\\\/#\\\/schema\\\/person\\\/725fa9ce26786e5bd006975c1e1dc9b4\"},\"headline\":\"Celui qui commence la journ\u00e9e avec le sourire&#8230; a d\u00e9j\u00e0 gagn\u00e9\",\"datePublished\":\"2023-11-29T09:15:25+00:00\",\"dateModified\":\"2023-11-29T09:27:32+00:00\",\"mainEntityOfPage\":{\"@id\":\"https:\\\/\\\/hotel-gaedi.ch\\\/fr\\\/2023\\\/11\\\/29\\\/celui-qui-commence-la-journee-avec-le-sourire-a-deja-gagne\\\/\"},\"wordCount\":104,\"image\":{\"@id\":\"https:\\\/\\\/hotel-gaedi.ch\\\/fr\\\/2023\\\/11\\\/29\\\/celui-qui-commence-la-journee-avec-le-sourire-a-deja-gagne\\\/#primaryimage\"},\"thumbnailUrl\":\"https:\\\/\\\/hotel-gaedi.ch\\\/wp-content\\\/uploads\\\/2023\\\/11\\\/beste-winter-hotels-2023.jpg\",\"articleSection\":[\"G\u00e4di Insider Infos\"],\"inLanguage\":\"fr-FR\"},{\"@type\":\"WebPage\",\"@id\":\"https:\\\/\\\/hotel-gaedi.ch\\\/fr\\\/2023\\\/11\\\/29\\\/celui-qui-commence-la-journee-avec-le-sourire-a-deja-gagne\\\/\",\"url\":\"https:\\\/\\\/hotel-gaedi.ch\\\/fr\\\/2023\\\/11\\\/29\\\/celui-qui-commence-la-journee-avec-le-sourire-a-deja-gagne\\\/\",\"name\":\"Celui qui commence la journ\u00e9e avec le sourire... a d\u00e9j\u00e0 gagn\u00e9 - Hotel G\u00e4di\",\"isPartOf\":{\"@id\":\"https:\\\/\\\/hotel-gaedi.ch\\\/#website\"},\"primaryImageOfPage\":{\"@id\":\"https:\\\/\\\/hotel-gaedi.ch\\\/fr\\\/2023\\\/11\\\/29\\\/celui-qui-commence-la-journee-avec-le-sourire-a-deja-gagne\\\/#primaryimage\"},\"image\":{\"@id\":\"https:\\\/\\\/hotel-gaedi.ch\\\/fr\\\/2023\\\/11\\\/29\\\/celui-qui-commence-la-journee-avec-le-sourire-a-deja-gagne\\\/#primaryimage\"},\"thumbnailUrl\":\"https:\\\/\\\/hotel-gaedi.ch\\\/wp-content\\\/uploads\\\/2023\\\/11\\\/beste-winter-hotels-2023.jpg\",\"datePublished\":\"2023-11-29T09:15:25+00:00\",\"dateModified\":\"2023-11-29T09:27:32+00:00\",\"author\":{\"@id\":\"https:\\\/\\\/hotel-gaedi.ch\\\/#\\\/schema\\\/person\\\/725fa9ce26786e5bd006975c1e1dc9b4\"},\"breadcrumb\":{\"@id\":\"https:\\\/\\\/hotel-gaedi.ch\\\/fr\\\/2023\\\/11\\\/29\\\/celui-qui-commence-la-journee-avec-le-sourire-a-deja-gagne\\\/#breadcrumb\"},\"inLanguage\":\"fr-FR\",\"potentialAction\":[{\"@type\":\"ReadAction\",\"target\":[\"https:\\\/\\\/hotel-gaedi.ch\\\/fr\\\/2023\\\/11\\\/29\\\/celui-qui-commence-la-journee-avec-le-sourire-a-deja-gagne\\\/\"]}]},{\"@type\":\"ImageObject\",\"inLanguage\":\"fr-FR\",\"@id\":\"https:\\\/\\\/hotel-gaedi.ch\\\/fr\\\/2023\\\/11\\\/29\\\/celui-qui-commence-la-journee-avec-le-sourire-a-deja-gagne\\\/#primaryimage\",\"url\":\"https:\\\/\\\/hotel-gaedi.ch\\\/wp-content\\\/uploads\\\/2023\\\/11\\\/beste-winter-hotels-2023.jpg\",\"contentUrl\":\"https:\\\/\\\/hotel-gaedi.ch\\\/wp-content\\\/uploads\\\/2023\\\/11\\\/beste-winter-hotels-2023.jpg\",\"width\":1780,\"height\":1187},{\"@type\":\"BreadcrumbList\",\"@id\":\"https:\\\/\\\/hotel-gaedi.ch\\\/fr\\\/2023\\\/11\\\/29\\\/celui-qui-commence-la-journee-avec-le-sourire-a-deja-gagne\\\/#breadcrumb\",\"itemListElement\":[{\"@type\":\"ListItem\",\"position\":1,\"name\":\"Home\",\"item\":\"https:\\\/\\\/hotel-gaedi.ch\\\/fr\\\/\"},{\"@type\":\"ListItem\",\"position\":2,\"name\":\"Celui qui commence la journ\u00e9e avec le sourire&#8230; a d\u00e9j\u00e0 gagn\u00e9\"}]},{\"@type\":\"WebSite\",\"@id\":\"https:\\\/\\\/hotel-gaedi.ch\\\/#website\",\"url\":\"https:\\\/\\\/hotel-gaedi.ch\\\/\",\"name\":\"Hotel G\u00e4di\",\"description\":\"Ferien im Hotel G\u00e4di - Gr\u00e4chen\",\"potentialAction\":[{\"@type\":\"SearchAction\",\"target\":{\"@type\":\"EntryPoint\",\"urlTemplate\":\"https:\\\/\\\/hotel-gaedi.ch\\\/?s={search_term_string}\"},\"query-input\":{\"@type\":\"PropertyValueSpecification\",\"valueRequired\":true,\"valueName\":\"search_term_string\"}}],\"inLanguage\":\"fr-FR\"},{\"@type\":\"Person\",\"@id\":\"https:\\\/\\\/hotel-gaedi.ch\\\/#\\\/schema\\\/person\\\/725fa9ce26786e5bd006975c1e1dc9b4\",\"name\":\"Walter Alexander\",\"image\":{\"@type\":\"ImageObject\",\"inLanguage\":\"fr-FR\",\"@id\":\"https:\\\/\\\/secure.gravatar.com\\\/avatar\\\/65bd2eb9824a95dfab42866cdb194daee5cb87ceb92cbda3c39ebb00da31ca8b?s=96&d=mm&r=g\",\"url\":\"https:\\\/\\\/secure.gravatar.com\\\/avatar\\\/65bd2eb9824a95dfab42866cdb194daee5cb87ceb92cbda3c39ebb00da31ca8b?s=96&d=mm&r=g\",\"contentUrl\":\"https:\\\/\\\/secure.gravatar.com\\\/avatar\\\/65bd2eb9824a95dfab42866cdb194daee5cb87ceb92cbda3c39ebb00da31ca8b?s=96&d=mm&r=g\",\"caption\":\"Walter Alexander\"}}]}<\/script>\n<!-- \/ Yoast SEO plugin. -->","yoast_head_json":{"title":"Celui qui commence la journ\u00e9e avec le sourire... a d\u00e9j\u00e0 gagn\u00e9 - Hotel G\u00e4di","robots":{"index":"index","follow":"follow","max-snippet":"max-snippet:-1","max-image-preview":"max-image-preview:large","max-video-preview":"max-video-preview:-1"},"canonical":"https:\/\/hotel-gaedi.ch\/fr\/2023\/11\/29\/celui-qui-commence-la-journee-avec-le-sourire-a-deja-gagne\/","og_locale":"fr_FR","og_type":"article","og_title":"Celui qui commence la journ\u00e9e avec le sourire... a d\u00e9j\u00e0 gagn\u00e9 - Hotel G\u00e4di","og_description":"Le c\u00e9l\u00e8bre classement des h\u00f4tels de Karl Wild nous a d\u00e9sign\u00e9s comme l'un des 25 meilleurs h\u00f4tels d'hiver 3 \u00e9toiles de Suisse.","og_url":"https:\/\/hotel-gaedi.ch\/fr\/2023\/11\/29\/celui-qui-commence-la-journee-avec-le-sourire-a-deja-gagne\/","og_site_name":"Hotel G\u00e4di","article_published_time":"2023-11-29T09:15:25+00:00","article_modified_time":"2023-11-29T09:27:32+00:00","og_image":[{"width":1780,"height":1187,"url":"https:\/\/hotel-gaedi.ch\/wp-content\/uploads\/2023\/11\/beste-winter-hotels-2023.jpg","type":"image\/jpeg"}],"author":"Walter Alexander","twitter_card":"summary_large_image","twitter_misc":{"\u00c9crit par":"Walter Alexander"},"schema":{"@context":"https:\/\/schema.org","@graph":[{"@type":"Article","@id":"https:\/\/hotel-gaedi.ch\/fr\/2023\/11\/29\/celui-qui-commence-la-journee-avec-le-sourire-a-deja-gagne\/#article","isPartOf":{"@id":"https:\/\/hotel-gaedi.ch\/fr\/2023\/11\/29\/celui-qui-commence-la-journee-avec-le-sourire-a-deja-gagne\/"},"author":{"name":"Walter Alexander","@id":"https:\/\/hotel-gaedi.ch\/#\/schema\/person\/725fa9ce26786e5bd006975c1e1dc9b4"},"headline":"Celui qui commence la journ\u00e9e avec le sourire&#8230; a d\u00e9j\u00e0 gagn\u00e9","datePublished":"2023-11-29T09:15:25+00:00","dateModified":"2023-11-29T09:27:32+00:00","mainEntityOfPage":{"@id":"https:\/\/hotel-gaedi.ch\/fr\/2023\/11\/29\/celui-qui-commence-la-journee-avec-le-sourire-a-deja-gagne\/"},"wordCount":104,"image":{"@id":"https:\/\/hotel-gaedi.ch\/fr\/2023\/11\/29\/celui-qui-commence-la-journee-avec-le-sourire-a-deja-gagne\/#primaryimage"},"thumbnailUrl":"https:\/\/hotel-gaedi.ch\/wp-content\/uploads\/2023\/11\/beste-winter-hotels-2023.jpg","articleSection":["G\u00e4di Insider Infos"],"inLanguage":"fr-FR"},{"@type":"WebPage","@id":"https:\/\/hotel-gaedi.ch\/fr\/2023\/11\/29\/celui-qui-commence-la-journee-avec-le-sourire-a-deja-gagne\/","url":"https:\/\/hotel-gaedi.ch\/fr\/2023\/11\/29\/celui-qui-commence-la-journee-avec-le-sourire-a-deja-gagne\/","name":"Celui qui commence la journ\u00e9e avec le sourire... a d\u00e9j\u00e0 gagn\u00e9 - Hotel G\u00e4di","isPartOf":{"@id":"https:\/\/hotel-gaedi.ch\/#website"},"primaryImageOfPage":{"@id":"https:\/\/hotel-gaedi.ch\/fr\/2023\/11\/29\/celui-qui-commence-la-journee-avec-le-sourire-a-deja-gagne\/#primaryimage"},"image":{"@id":"https:\/\/hotel-gaedi.ch\/fr\/2023\/11\/29\/celui-qui-commence-la-journee-avec-le-sourire-a-deja-gagne\/#primaryimage"},"thumbnailUrl":"https:\/\/hotel-gaedi.ch\/wp-content\/uploads\/2023\/11\/beste-winter-hotels-2023.jpg","datePublished":"2023-11-29T09:15:25+00:00","dateModified":"2023-11-29T09:27:32+00:00","author":{"@id":"https:\/\/hotel-gaedi.ch\/#\/schema\/person\/725fa9ce26786e5bd006975c1e1dc9b4"},"breadcrumb":{"@id":"https:\/\/hotel-gaedi.ch\/fr\/2023\/11\/29\/celui-qui-commence-la-journee-avec-le-sourire-a-deja-gagne\/#breadcrumb"},"inLanguage":"fr-FR","potentialAction":[{"@type":"ReadAction","target":["https:\/\/hotel-gaedi.ch\/fr\/2023\/11\/29\/celui-qui-commence-la-journee-avec-le-sourire-a-deja-gagne\/"]}]},{"@type":"ImageObject","inLanguage":"fr-FR","@id":"https:\/\/hotel-gaedi.ch\/fr\/2023\/11\/29\/celui-qui-commence-la-journee-avec-le-sourire-a-deja-gagne\/#primaryimage","url":"https:\/\/hotel-gaedi.ch\/wp-content\/uploads\/2023\/11\/beste-winter-hotels-2023.jpg","contentUrl":"https:\/\/hotel-gaedi.ch\/wp-content\/uploads\/2023\/11\/beste-winter-hotels-2023.jpg","width":1780,"height":1187},{"@type":"BreadcrumbList","@id":"https:\/\/hotel-gaedi.ch\/fr\/2023\/11\/29\/celui-qui-commence-la-journee-avec-le-sourire-a-deja-gagne\/#breadcrumb","itemListElement":[{"@type":"ListItem","position":1,"name":"Home","item":"https:\/\/hotel-gaedi.ch\/fr\/"},{"@type":"ListItem","position":2,"name":"Celui qui commence la journ\u00e9e avec le sourire&#8230; a d\u00e9j\u00e0 gagn\u00e9"}]},{"@type":"WebSite","@id":"https:\/\/hotel-gaedi.ch\/#website","url":"https:\/\/hotel-gaedi.ch\/","name":"Hotel G\u00e4di","description":"Ferien im Hotel G\u00e4di - Gr\u00e4chen","potentialAction":[{"@type":"SearchAction","target":{"@type":"EntryPoint","urlTemplate":"https:\/\/hotel-gaedi.ch\/?s={search_term_string}"},"query-input":{"@type":"PropertyValueSpecification","valueRequired":true,"valueName":"search_term_string"}}],"inLanguage":"fr-FR"},{"@type":"Person","@id":"https:\/\/hotel-gaedi.ch\/#\/schema\/person\/725fa9ce26786e5bd006975c1e1dc9b4","name":"Walter Alexander","image":{"@type":"ImageObject","inLanguage":"fr-FR","@id":"https:\/\/secure.gravatar.com\/avatar\/65bd2eb9824a95dfab42866cdb194daee5cb87ceb92cbda3c39ebb00da31ca8b?s=96&d=mm&r=g","url":"https:\/\/secure.gravatar.com\/avatar\/65bd2eb9824a95dfab42866cdb194daee5cb87ceb92cbda3c39ebb00da31ca8b?s=96&d=mm&r=g","contentUrl":"https:\/\/secure.gravatar.com\/avatar\/65bd2eb9824a95dfab42866cdb194daee5cb87ceb92cbda3c39ebb00da31ca8b?s=96&d=mm&r=g","caption":"Walter Alexander"}}]}},"_links":{"self":[{"href":"https:\/\/hotel-gaedi.ch\/fr\/wp-json\/wp\/v2\/posts\/4064","targetHints":{"allow":["GET"]}}],"collection":[{"href":"https:\/\/hotel-gaedi.ch\/fr\/wp-json\/wp\/v2\/posts"}],"about":[{"href":"https:\/\/hotel-gaedi.ch\/fr\/wp-json\/wp\/v2\/types\/post"}],"author":[{"embeddable":true,"href":"https:\/\/hotel-gaedi.ch\/fr\/wp-json\/wp\/v2\/users\/4"}],"replies":[{"embeddable":true,"href":"https:\/\/hotel-gaedi.ch\/fr\/wp-json\/wp\/v2\/comments?post=4064"}],"version-history":[{"count":3,"href":"https:\/\/hotel-gaedi.ch\/fr\/wp-json\/wp\/v2\/posts\/4064\/revisions"}],"predecessor-version":[{"id":4078,"href":"https:\/\/hotel-gaedi.ch\/fr\/wp-json\/wp\/v2\/posts\/4064\/revisions\/4078"}],"wp:featuredmedia":[{"embeddable":true,"href":"https:\/\/hotel-gaedi.ch\/fr\/wp-json\/wp\/v2\/media\/4071"}],"wp:attachment":[{"href":"https:\/\/hotel-gaedi.ch\/fr\/wp-json\/wp\/v2\/media?parent=4064"}],"wp:term":[{"taxonomy":"category","embeddable":true,"href":"https:\/\/hotel-gaedi.ch\/fr\/wp-json\/wp\/v2\/categories?post=4064"},{"taxonomy":"post_tag","embeddable":true,"href":"https:\/\/hotel-gaedi.ch\/fr\/wp-json\/wp\/v2\/tags?post=4064"}],"curies":[{"name":"wp","href":"https:\/\/api.w.org\/{rel}","templated":true}]}}